{"id":12871,"date":"2020-05-25T19:06:54","date_gmt":"2020-05-26T00:06:54","guid":{"rendered":"http:\/\/www.zonaroja.com.mx\/?p=12871"},"modified":"2020-05-25T19:06:57","modified_gmt":"2020-05-26T00:06:57","slug":"enferman-de-covid-19-medicos-en-hospitales-de-zona-mixe-y-la-mixteca","status":"publish","type":"post","link":"https:\/\/zonaroja.com.mx\/?p=12871","title":{"rendered":"Enferman de Covid-19 m\u00e9dicos en hospitales de zona Mixe y la Mixteca"},"content":{"rendered":"\n<p>Yuridiana\nSosa\/Zona Roja.<\/p>\n\n\n\n<p>Oaxaca de\nJu\u00e1rez, Oax., 25 de mayo de 2020.- El sector m\u00e9dico en Oaxaca es cada vez\nvulnerable a enfermar de Covid-19, virus que ha alcanzado tambi\u00e9n al personal\nde las zonas Mixe y regi\u00f3n Mixteca de Oaxaca.<\/p>\n\n\n\n<p>Personal\ndel Hospital Comunitario de Tamazul\u00e1pam del Esp\u00edritu Santo Mixe, report\u00f3 que de\n100 trabajadores, al menos unos 11 han resultado positivo de Covid-19, por lo\nque se han retirado del nosocomio para guardar la cuarentena.<\/p>\n\n\n\n<p>Frente a\nlas carencias de equipo de protecci\u00f3n personal, los m\u00e9dicos solicitaron a la\nsociedad su apoyo para dotarse de insumos que ni el Gobierno del Estado y el\nfederal les ha entregado; pues de seguir sin esta protecci\u00f3n la vida de quienes\nprevalecen al frente de la atenci\u00f3n corre riesgo.<\/p>\n\n\n\n<p>En tanto,\nel coordinador de Vigilancia Epidemiol\u00f3gica de la Jurisdicci\u00f3n Sanitaria n\u00famero\n5 de la Mixteca, Ernesto Ordu\u00f1a Ruiz, inform\u00f3 que ocho trabajadores del\nHospital del Instituto de Seguridad y Servicios Sociales de los Trabajadores\ndel Estado (ISSSTE) de Huajuapan resultaron positivos a Covid-19.<\/p>\n\n\n\n<p>A las\ncifras positivas de coronavirus del sector m\u00e9dico tambi\u00e9n se han unido\nelementos del Heroico Cuerpo de Bomberos de Huajuapan.<\/p>\n\n\n\n<p>De acuerdo con el corte informativo de anoche\nemitido por los Servicios de Salud de Oaxaca, hay 221 trabajadores del sector\nSalud con casos confirmados, de los cuales 108 son enfermeras, 88 m\u00e9dicos y 25\nde otras \u00e1reas.<\/p>\n","protected":false},"excerpt":{"rendered":"<p>Yuridiana Sosa\/Zona Roja. Oaxaca de Ju\u00e1rez, Oax., 25 de mayo de 2020.- El sector m\u00e9dico&hellip;<\/p>\n","protected":false},"author":2,"featured_media":12872,"comment_status":"closed","ping_status":"open","sticky":false,"template":"","format":"standard","meta":{"_lmt_disableupdate":"","_lmt_disable":"","_jetpack_memberships_contains_paid_content":false,"footnotes":""},"categories":[109,47],"tags":[1512],"class_list":["post-12871","post","type-post","status-publish","format-standard","has-post-thumbnail","hentry","category-minuto-a-minuto","category-zona-gris","tag-coronavirus-oaxaca"],"jetpack_featured_media_url":"https:\/\/zonaroja.com.mx\/wp-content\/uploads\/2020\/05\/Hospital-ISSSTE-Huajuapan-2.jpg","jetpack_sharing_enabled":true,"_links":{"self":[{"href":"https:\/\/zonaroja.com.mx\/index.php?rest_route=\/wp\/v2\/posts\/12871","targetHints":{"allow":["GET"]}}],"collection":[{"href":"https:\/\/zonaroja.com.mx\/index.php?rest_route=\/wp\/v2\/posts"}],"about":[{"href":"https:\/\/zonaroja.com.mx\/index.php?rest_route=\/wp\/v2\/types\/post"}],"author":[{"embeddable":true,"href":"https:\/\/zonaroja.com.mx\/index.php?rest_route=\/wp\/v2\/users\/2"}],"replies":[{"embeddable":true,"href":"https:\/\/zonaroja.com.mx\/index.php?rest_route=%2Fwp%2Fv2%2Fcomments&post=12871"}],"version-history":[{"count":1,"href":"https:\/\/zonaroja.com.mx\/index.php?rest_route=\/wp\/v2\/posts\/12871\/revisions"}],"predecessor-version":[{"id":12873,"href":"https:\/\/zonaroja.com.mx\/index.php?rest_route=\/wp\/v2\/posts\/12871\/revisions\/12873"}],"wp:featuredmedia":[{"embeddable":true,"href":"https:\/\/zonaroja.com.mx\/index.php?rest_route=\/wp\/v2\/media\/12872"}],"wp:attachment":[{"href":"https:\/\/zonaroja.com.mx\/index.php?rest_route=%2Fwp%2Fv2%2Fmedia&parent=12871"}],"wp:term":[{"taxonomy":"category","embeddable":true,"href":"https:\/\/zonaroja.com.mx\/index.php?rest_route=%2Fwp%2Fv2%2Fcategories&post=12871"},{"taxonomy":"post_tag","embeddable":true,"href":"https:\/\/zonaroja.com.mx\/index.php?rest_route=%2Fwp%2Fv2%2Ftags&post=12871"}],"curies":[{"name":"wp","href":"https:\/\/api.w.org\/{rel}","templated":true}]}}