{"id":12877,"date":"2020-05-25T21:25:22","date_gmt":"2020-05-26T02:25:22","guid":{"rendered":"http:\/\/www.zonaroja.com.mx\/?p=12877"},"modified":"2020-05-25T21:25:27","modified_gmt":"2020-05-26T02:25:27","slug":"en-dos-meses-se-perderia-al-menos-un-millon-de-empleos-en-mexico","status":"publish","type":"post","link":"https:\/\/zonaroja.com.mx\/?p=12877","title":{"rendered":"En dos meses se perder\u00eda al menos un mill\u00f3n de empleos en M\u00e9xico"},"content":{"rendered":"\n<p>Redacci\u00f3n\/Zona\nRoja Cdmx.<\/p>\n\n\n\n<p>Ciudad de\nM\u00e9xico, 25 de mayo de 2020.- El Presidente Andr\u00e9s Manuel L\u00f3pez Obrador dijo que\nestima que la pandemia de coronavirus dejar\u00e1 sin empleo a un mill\u00f3n de personas\nen el pa\u00eds, pero que el gobierno crear\u00e1 y recuperar\u00e1 dos millones de empleos.<\/p>\n\n\n\n<p>\u00abYo\ntengo mi pron\u00f3stico de que con el coronavirus se van a perder un mill\u00f3n de\nempleos\u00bb, refiri\u00f3 en un video difundido ayer en sus redes sociales y\ncompar\u00f3 la cifra de empleos perdidos en M\u00e9xico con la de Estados Unidos, donde\nse estima que alcance los 20 millones.<\/p>\n\n\n\n<p>Indic\u00f3\nque en abril de este a\u00f1o se perdieron 550 mil empleos, pero que en mayo se\nregistr\u00f3 una menor p\u00e9rdida. \u00abTengo los datos hasta el 23 de mayo, ya no\nhay tanta p\u00e9rdida de empleos (&#8230;), van a ser alrededor de 400 mil \u00ab,\ncoment\u00f3.<\/p>\n\n\n\n<p>\u00abNosotros\nya tenemos un plan para la recuperaci\u00f3n y la creaci\u00f3n de nuevos empleos: dos\nmillones de nuevos empleos \u00ab, a trav\u00e9s de la entrega de programas\nsociales, la construcci\u00f3n de proyectos prioritarios, as\u00ed como con la\ncontrataci\u00f3n de nuevos elementos de la Guardia Nacional y m\u00e9dicos para el\nsector salud, indic\u00f3.<\/p>\n\n\n\n<p>Detall\u00f3\nque con \u2018J\u00f3venes Construyendo el Futuro\u2019 se contemplan 230 mil empleos\nadicionales. <\/p>\n\n\n\n<p>Adem\u00e1s,\ndel programa de mejoramiento urbano, con el que estima, 228 mil empleos m\u00e1s,\njunto con Sembrando Vida (200 mil), el Tren Maya (80 mil), la refiner\u00eda de Dos\nBocas (70 mil), la construcci\u00f3n de las sucursales del Banco del Bienestar (47\nmil), el aeropuerto de Santa Luc\u00eda (44 mil empleos) y de la Guardia Nacional,\ndonde se han contratado a 26 mil personas.<\/p>\n\n\n\n<p>Tambi\u00e9n\nest\u00e1 la contrataci\u00f3n de m\u00e9dicos y enfermeras, que, dijo, ya van m\u00e1s de 45 mil.<\/p>\n\n\n\n<p>Asimismo,\nrecord\u00f3 que el pr\u00f3ximo 1 de julio entrar\u00e1 en vigor el tratado de libre comercio\ncon Estados Unidos y Canad\u00e1, lo que ser\u00e1 ben\u00e9fico para el pa\u00eds, sobre todo\ndebido a la circunstancia extraordinaria de que China decidi\u00f3 concentrarse este\na\u00f1o en fortalecer su econom\u00eda y no publicar\u00e1 datos sobre su Producto Interno\nBruto (PIB).<\/p>\n\n\n\n<p>\u00abAhora\nM\u00e9xico es uno de los principales pa\u00edses si no es que el principal para recibir\ninversiones y desarrollar empresas pensando en que se tiene garantizado el\nmercado de Estados Unidos y Canad\u00e1, sobre todo el mercado m\u00e1s fuerte y con m\u00e1s\ncapacidad de compra que es el mercado estadounidense\u00bb, coment\u00f3.<\/p>\n\n\n\n<p>\u00abEsperamos\nm\u00e1s inversi\u00f3n extranjera, m\u00e1s creaci\u00f3n de empresas y generaci\u00f3n de empleos.\nTodo esto nos va a ayudar \u00ab, a\u00f1adi\u00f3 el mandatario.<\/p>\n\n\n\n<p>En el\nmensaje tambi\u00e9n se refiri\u00f3 al crecimiento en materia petrolera, el peso frente\nal d\u00f3lar, la Inversi\u00f3n Extranjera Directa (IED), remesas del extranjero, as\u00ed\ncomo la recaudaci\u00f3n tributaria, indicadores en los que dijo \u00edbamos bien, por lo\nque \u201cno nos agarr\u00f3 mal parados la pandemia\u201d.<\/p>\n\n\n\n<p>Seg\u00fan los\ndatos difundidos, hasta el 2 de marzo de 2020, M\u00e9xico era el pa\u00eds con mayor\napreciaci\u00f3n de su moneda con relaci\u00f3n al d\u00f3lar, pero \u201cviene la pandemia y se\ncae el peso a 25 pesos por d\u00f3lar. Afortunadamente, ya tenemos una\nrecuperaci\u00f3n&#8230; ahora, 22.73 por d\u00f3lar\u201d, acot\u00f3.<\/p>\n\n\n\n<p>En cuanto\na las remesas, celebr\u00f3 que en marzo se alcanzaron 4 mil millones de d\u00f3lares al\npa\u00eds, con 9 mil 293 millones de d\u00f3lares en el primer trimestre. Mientras que en\nla recaudaci\u00f3n, compar\u00f3 el periodo enero-mayo 2020 con 2019 y anunci\u00f3 el\nincremento de 2.6 por ciento en t\u00e9rminos reales.<\/p>\n\n\n\n<p>Sobre la\nepidemia, a\u00f1adi\u00f3 que empezar\u00e1 a bajar el n\u00famero de contagios y la mejor\u00eda ser\u00e1\nsobre todo en el Valle de M\u00e9xico.<\/p>\n\n\n\n<p>Adem\u00e1s\ndio a conocer que el vocero de la epidemia, el subsecretario de salud, Hugo\nL\u00f3pez-Gatell participar\u00e1 en el grupo de expertos para la confecci\u00f3n del\nreglamento sanitario internacional de la Organizaci\u00f3n Mundial de la Salud\n(OMS); \u201cun reconocimiento bien merecido al doctor\u201d, dijo.<\/p>\n\n\n\n<p>(Informaci\u00f3n\ndel diario \u201cEl Financiero\u201d).<\/p>\n","protected":false},"excerpt":{"rendered":"<p>Redacci\u00f3n\/Zona Roja Cdmx. Ciudad de M\u00e9xico, 25 de mayo de 2020.- El Presidente Andr\u00e9s Manuel&hellip;<\/p>\n","protected":false},"author":2,"featured_media":10818,"comment_status":"closed","ping_status":"open","sticky":false,"template":"","format":"standard","meta":{"_lmt_disableupdate":"","_lmt_disable":"","_jetpack_memberships_contains_paid_content":false,"footnotes":""},"categories":[109,47],"tags":[1328],"class_list":["post-12877","post","type-post","status-publish","format-standard","has-post-thumbnail","hentry","category-minuto-a-minuto","category-zona-gris","tag-coronavirus-mexico"],"jetpack_featured_media_url":"https:\/\/zonaroja.com.mx\/wp-content\/uploads\/2020\/04\/Comercios-cerrados-Oaxaca.png","jetpack_sharing_enabled":true,"_links":{"self":[{"href":"https:\/\/zonaroja.com.mx\/index.php?rest_route=\/wp\/v2\/posts\/12877","targetHints":{"allow":["GET"]}}],"collection":[{"href":"https:\/\/zonaroja.com.mx\/index.php?rest_route=\/wp\/v2\/posts"}],"about":[{"href":"https:\/\/zonaroja.com.mx\/index.php?rest_route=\/wp\/v2\/types\/post"}],"author":[{"embeddable":true,"href":"https:\/\/zonaroja.com.mx\/index.php?rest_route=\/wp\/v2\/users\/2"}],"replies":[{"embeddable":true,"href":"https:\/\/zonaroja.com.mx\/index.php?rest_route=%2Fwp%2Fv2%2Fcomments&post=12877"}],"version-history":[{"count":1,"href":"https:\/\/zonaroja.com.mx\/index.php?rest_route=\/wp\/v2\/posts\/12877\/revisions"}],"predecessor-version":[{"id":12878,"href":"https:\/\/zonaroja.com.mx\/index.php?rest_route=\/wp\/v2\/posts\/12877\/revisions\/12878"}],"wp:featuredmedia":[{"embeddable":true,"href":"https:\/\/zonaroja.com.mx\/index.php?rest_route=\/wp\/v2\/media\/10818"}],"wp:attachment":[{"href":"https:\/\/zonaroja.com.mx\/index.php?rest_route=%2Fwp%2Fv2%2Fmedia&parent=12877"}],"wp:term":[{"taxonomy":"category","embeddable":true,"href":"https:\/\/zonaroja.com.mx\/index.php?rest_route=%2Fwp%2Fv2%2Fcategories&post=12877"},{"taxonomy":"post_tag","embeddable":true,"href":"https:\/\/zonaroja.com.mx\/index.php?rest_route=%2Fwp%2Fv2%2Ftags&post=12877"}],"curies":[{"name":"wp","href":"https:\/\/api.w.org\/{rel}","templated":true}]}}