{"id":12883,"date":"2020-05-26T08:00:23","date_gmt":"2020-05-26T13:00:23","guid":{"rendered":"http:\/\/www.zonaroja.com.mx\/?p=12883"},"modified":"2020-05-25T21:56:44","modified_gmt":"2020-05-26T02:56:44","slug":"asegura-congreso-que-no-baja-la-guardia-en-defensa-de-derechos-de-mujeres","status":"publish","type":"post","link":"https:\/\/zonaroja.com.mx\/?p=12883","title":{"rendered":"Asegura Congreso que no baja la guardia en defensa de derechos de mujeres"},"content":{"rendered":"\n<p>Redacci\u00f3n\/Zona\nRoja.<\/p>\n\n\n\n<p>Oaxaca de\nJu\u00e1rez, Oax. 26 de mayo de 2020.- El Congreso de Oaxaca no ha bajado la guardia\nen la defensa de los derechos de las mujeres y las recientes reformas a la\nlegislaci\u00f3n estatal en la materia son muestra de ello.<\/p>\n\n\n\n<p>As\u00ed lo\nasegur\u00f3 la diputada Elisa Zepeda Lagunas, presidenta de la Comisi\u00f3n de\nAdministraci\u00f3n y Procuraci\u00f3n de Justicia en la 64 Legislatura.<\/p>\n\n\n\n<p>Asegur\u00f3\nque los planteamientos de esta representaci\u00f3n popular han tenido efectos\ninmediatos en la sociedad oaxaque\u00f1a. <\/p>\n\n\n\n<p>Como\nejemplo, se encuentra la publicaci\u00f3n de un protocolo de atenci\u00f3n para mujeres\nv\u00edctimas de violencia en sus hogares, y que ahora es necesario vigilar que la\nrespuesta institucional sea efectiva.<\/p>\n\n\n\n<p>Sostuvo\nque las respuestas de los poderes Ejecutivo y Judicial deben encaminarse, no\ns\u00f3lo a recibir las denuncias, sino a proporcionar una soluci\u00f3n completa a cada\ncaso. <\/p>\n\n\n\n<p>Es\nnecesario que las instituciones se comprometan, de manera integral, a atender\nlos problemas de feminicidio y acoso, tanto f\u00edsico como sicol\u00f3gico en contra de\nlas mujeres, expres\u00f3.<\/p>\n\n\n\n<p>En torno\nal confinamiento por la Covid-19, la representante popular se mostr\u00f3 preocupada\npor el registro de denuncias de maltrato dentro de los hogares, y exhort\u00f3 a las\ninstancias de protecci\u00f3n a la mujer a enfocar sus esfuerzos para evitar y, en\nsu caso, sancionar la violencia por raz\u00f3n de g\u00e9nero.<\/p>\n\n\n\n<p>Destac\u00f3\nque a la par de la acci\u00f3n legislativa, realizada al interior del Congreso local,\nes indispensable un cambio de conciencia y actitud de quienes laboran en la\nfunci\u00f3n p\u00fablica, con la finalidad de hacer efectivas las normas jur\u00eddicas\nencaminadas a la protecci\u00f3n social y a la sana convivencia.<\/p>\n","protected":false},"excerpt":{"rendered":"<p>Redacci\u00f3n\/Zona Roja. Oaxaca de Ju\u00e1rez, Oax. 26 de mayo de 2020.- El Congreso de Oaxaca&hellip;<\/p>\n","protected":false},"author":2,"featured_media":12884,"comment_status":"closed","ping_status":"open","sticky":false,"template":"","format":"standard","meta":{"_lmt_disableupdate":"","_lmt_disable":"","_jetpack_memberships_contains_paid_content":false,"footnotes":""},"categories":[109,46],"tags":[215],"class_list":["post-12883","post","type-post","status-publish","format-standard","has-post-thumbnail","hentry","category-minuto-a-minuto","category-zona-blanca","tag-elisa-zepeda-lagunas"],"jetpack_featured_media_url":"https:\/\/zonaroja.com.mx\/wp-content\/uploads\/2020\/05\/Elisa-Zepeda-Lagunas-2.jpg","jetpack_sharing_enabled":true,"_links":{"self":[{"href":"https:\/\/zonaroja.com.mx\/index.php?rest_route=\/wp\/v2\/posts\/12883","targetHints":{"allow":["GET"]}}],"collection":[{"href":"https:\/\/zonaroja.com.mx\/index.php?rest_route=\/wp\/v2\/posts"}],"about":[{"href":"https:\/\/zonaroja.com.mx\/index.php?rest_route=\/wp\/v2\/types\/post"}],"author":[{"embeddable":true,"href":"https:\/\/zonaroja.com.mx\/index.php?rest_route=\/wp\/v2\/users\/2"}],"replies":[{"embeddable":true,"href":"https:\/\/zonaroja.com.mx\/index.php?rest_route=%2Fwp%2Fv2%2Fcomments&post=12883"}],"version-history":[{"count":1,"href":"https:\/\/zonaroja.com.mx\/index.php?rest_route=\/wp\/v2\/posts\/12883\/revisions"}],"predecessor-version":[{"id":12885,"href":"https:\/\/zonaroja.com.mx\/index.php?rest_route=\/wp\/v2\/posts\/12883\/revisions\/12885"}],"wp:featuredmedia":[{"embeddable":true,"href":"https:\/\/zonaroja.com.mx\/index.php?rest_route=\/wp\/v2\/media\/12884"}],"wp:attachment":[{"href":"https:\/\/zonaroja.com.mx\/index.php?rest_route=%2Fwp%2Fv2%2Fmedia&parent=12883"}],"wp:term":[{"taxonomy":"category","embeddable":true,"href":"https:\/\/zonaroja.com.mx\/index.php?rest_route=%2Fwp%2Fv2%2Fcategories&post=12883"},{"taxonomy":"post_tag","embeddable":true,"href":"https:\/\/zonaroja.com.mx\/index.php?rest_route=%2Fwp%2Fv2%2Ftags&post=12883"}],"curies":[{"name":"wp","href":"https:\/\/api.w.org\/{rel}","templated":true}]}}