{"id":12886,"date":"2020-05-25T22:11:36","date_gmt":"2020-05-26T03:11:36","guid":{"rendered":"http:\/\/www.zonaroja.com.mx\/?p=12886"},"modified":"2020-05-25T22:11:41","modified_gmt":"2020-05-26T03:11:41","slug":"cuarta-parte-de-municipios-de-oaxaca-ya-tiene-coronavirus","status":"publish","type":"post","link":"https:\/\/zonaroja.com.mx\/?p=12886","title":{"rendered":"Cuarta parte de municipios de Oaxaca ya tiene coronavirus"},"content":{"rendered":"\n<p>Redacci\u00f3n\/Zona\nRoja.<\/p>\n\n\n\n<p>Oaxaca de\nJu\u00e1rez, Oax., 25 de mayo de 2020.- Poco m\u00e1s de la cuarta parte de los\nmunicipios de Oaxaca ya registran casos de coronavirus Covid-19.<\/p>\n\n\n\n<p>La\npandemia avanza de forma acelerada en la entidad y abarca ya 134 de los 570\nmunicipios; hoy se sumaron nueve municipios que no ten\u00edan contagiados.<\/p>\n\n\n\n<p>Al corte\nde este lunes, los Servicios de Salud contabilizaron seis son nuevos decesos en\n24 horas y 69 positivos, para sumar 107 y mil 70, respectivamente.<\/p>\n\n\n\n<p>La\ndependencia advirti\u00f3 que, de acuerdo con el comportamiento de la enfermedad, en\nlos pr\u00f3ximos d\u00edas se prev\u00e9 un aumento en el n\u00famero de contagios.<\/p>\n\n\n\n<p>En un\ncomunicado, se\u00f1al\u00f3 tambi\u00e9n que la regi\u00f3n de Valles Centrales contin\u00faa siendo la\nzona urbana con la incidencia m\u00e1s alta de contagios al registrar 720 casos, de\nlos cuales 54 derivaron en decesos, cifra que representa el 67 % del global de\nconfirmados en todo el territorio oaxaque\u00f1o al corte del 25 de mayo del\npresente a\u00f1o.<\/p>\n\n\n\n<p>Subray\u00f3\nque los 69 nuevos pacientes registrados con esta enfermedad en las \u00faltimas 24\nhoras corresponden a 32 municipios, por lo que a la fecha el virus se ha\npropagado en un total de 134 localidades de la entidad.<\/p>\n\n\n\n<p>Respecto\na la distribuci\u00f3n geogr\u00e1fica, precis\u00f3 que el segundo lugar de Jurisdicciones\nSanitarias m\u00e1s afectadas por la pandemia es Tuxtepec con 115 reportes, seguido\npor el Istmo de Tehuantepec con 81 casos, la Mixteca con 75, la Costa con 52 y\npor la Sierra (Norte) con27 pacientes.<\/p>\n\n\n\n<p>Destac\u00f3\nque, de los casos acumulados, 302 han requerido atenci\u00f3n hospitalaria y 768 han\ncursado la patolog\u00eda de forma ambulatoria con la vigilancia del personal\nm\u00e9dico.<\/p>\n\n\n\n<p>Puntualiz\u00f3 que, seg\u00fan los datos de personas contagiadas por el nuevo coronavirus, 247 corresponden al personal de salud y, de estos, 98 son m\u00e9dicos, 122 profesionales de enfermer\u00eda y 27 trabajadores de otros perfiles.<\/p>\n\n\n\n<figure class=\"wp-block-image\"><img decoding=\"async\" width=\"1024\" height=\"578\" src=\"http:\/\/www.zonaroja.com.mx\/wp-content\/uploads\/2020\/05\/PHOTO-2020-05-25-21-47-27-1-1024x578.jpg\" alt=\"\" class=\"wp-image-12888\" srcset=\"https:\/\/zonaroja.com.mx\/wp-content\/uploads\/2020\/05\/PHOTO-2020-05-25-21-47-27-1-1024x578.jpg 1024w, https:\/\/zonaroja.com.mx\/wp-content\/uploads\/2020\/05\/PHOTO-2020-05-25-21-47-27-1-300x169.jpg 300w, https:\/\/zonaroja.com.mx\/wp-content\/uploads\/2020\/05\/PHOTO-2020-05-25-21-47-27-1-768x433.jpg 768w, https:\/\/zonaroja.com.mx\/wp-content\/uploads\/2020\/05\/PHOTO-2020-05-25-21-47-27-1-1170x660.jpg 1170w, https:\/\/zonaroja.com.mx\/wp-content\/uploads\/2020\/05\/PHOTO-2020-05-25-21-47-27-1-585x330.jpg 585w, https:\/\/zonaroja.com.mx\/wp-content\/uploads\/2020\/05\/PHOTO-2020-05-25-21-47-27-1.jpg 1280w\" sizes=\"(max-width: 1024px) 100vw, 1024px\" \/><\/figure>\n\n\n\n<p>Respecto\na la red de centros m\u00e9dicos, puntualiz\u00f3 que, al corte del d\u00eda de hoy, se tiene\nun reporte de 128 pacientes hospitalizados con s\u00edntomas respiratorios, con un\ntotal de 85 casos confirmados por Covid-19.<\/p>\n\n\n\n<p>Referente\nal estado de salud de los pacientes, dijo, 19 se reportan muy graves, 51\ngraves, 45 delicados y 13 estables; de esta cifra, 27 se mantienen con\nasistencia ventilatoria, lo que representa el 21 % del total de internados en\nlos nosocomios.<\/p>\n\n\n\n<p>De acuerdo\ncon el informe del nivel de disponibilidad de camas, el Hospital Regional de\nAlta Especialidad de Oaxaca (HRAEO) registra el 33.3 % de ocupaci\u00f3n y el\ngeneral \u201cDr. Aurelio Valdivieso\u201d tiene el 100 % de camas utilizadas.<\/p>\n\n\n\n<p>As\u00ed\ntambi\u00e9n el nosocomio de la Ni\u00f1ez Oaxaque\u00f1a \u201cDr. Guillermo Z\u00e1rate Mijangos\u201d\npresenta el 50 % de ocupaci\u00f3n, el presidente \u201cBenito Ju\u00e1rez\u201d del Instituto de\nSeguridad y Servicios Sociales de los Trabajadores del Estado (ISSSTE) notifica\nel 62%, el General de Zona 1 del Instituto Mexicano del Seguro Social (IMSS)\nest\u00e1 al 100% y el de la Mujer y Ni\u00f1o Oaxaque\u00f1o en un 52% de ocupaci\u00f3n; sin\nembargo, advirti\u00f3 que estas cifran var\u00edan constantemente de acuerdo con las\naltas m\u00e9dicas de los pacientes.<\/p>\n","protected":false},"excerpt":{"rendered":"<p>Redacci\u00f3n\/Zona Roja. Oaxaca de Ju\u00e1rez, Oax., 25 de mayo de 2020.- Poco m\u00e1s de la&hellip;<\/p>\n","protected":false},"author":2,"featured_media":12887,"comment_status":"closed","ping_status":"open","sticky":false,"template":"","format":"standard","meta":{"_lmt_disableupdate":"","_lmt_disable":"","_jetpack_memberships_contains_paid_content":false,"footnotes":""},"categories":[109,47],"tags":[1512],"class_list":["post-12886","post","type-post","status-publish","format-standard","has-post-thumbnail","hentry","category-minuto-a-minuto","category-zona-gris","tag-coronavirus-oaxaca"],"jetpack_featured_media_url":"https:\/\/zonaroja.com.mx\/wp-content\/uploads\/2020\/05\/PHOTO-2020-05-25-21-47-27.jpg","jetpack_sharing_enabled":true,"_links":{"self":[{"href":"https:\/\/zonaroja.com.mx\/index.php?rest_route=\/wp\/v2\/posts\/12886","targetHints":{"allow":["GET"]}}],"collection":[{"href":"https:\/\/zonaroja.com.mx\/index.php?rest_route=\/wp\/v2\/posts"}],"about":[{"href":"https:\/\/zonaroja.com.mx\/index.php?rest_route=\/wp\/v2\/types\/post"}],"author":[{"embeddable":true,"href":"https:\/\/zonaroja.com.mx\/index.php?rest_route=\/wp\/v2\/users\/2"}],"replies":[{"embeddable":true,"href":"https:\/\/zonaroja.com.mx\/index.php?rest_route=%2Fwp%2Fv2%2Fcomments&post=12886"}],"version-history":[{"count":1,"href":"https:\/\/zonaroja.com.mx\/index.php?rest_route=\/wp\/v2\/posts\/12886\/revisions"}],"predecessor-version":[{"id":12889,"href":"https:\/\/zonaroja.com.mx\/index.php?rest_route=\/wp\/v2\/posts\/12886\/revisions\/12889"}],"wp:featuredmedia":[{"embeddable":true,"href":"https:\/\/zonaroja.com.mx\/index.php?rest_route=\/wp\/v2\/media\/12887"}],"wp:attachment":[{"href":"https:\/\/zonaroja.com.mx\/index.php?rest_route=%2Fwp%2Fv2%2Fmedia&parent=12886"}],"wp:term":[{"taxonomy":"category","embeddable":true,"href":"https:\/\/zonaroja.com.mx\/index.php?rest_route=%2Fwp%2Fv2%2Fcategories&post=12886"},{"taxonomy":"post_tag","embeddable":true,"href":"https:\/\/zonaroja.com.mx\/index.php?rest_route=%2Fwp%2Fv2%2Ftags&post=12886"}],"curies":[{"name":"wp","href":"https:\/\/api.w.org\/{rel}","templated":true}]}}