{"id":12891,"date":"2020-05-26T07:56:26","date_gmt":"2020-05-26T12:56:26","guid":{"rendered":"http:\/\/www.zonaroja.com.mx\/?p=12891"},"modified":"2020-05-26T07:58:20","modified_gmt":"2020-05-26T12:58:20","slug":"muere-otro-funcionario-accidentado-de-zimatlan-matan-a-menor-de-10-anos","status":"publish","type":"post","link":"https:\/\/zonaroja.com.mx\/?p=12891","title":{"rendered":"Muere otro funcionario accidentado de Zimatl\u00e1n; matan a menor de 10 a\u00f1os"},"content":{"rendered":"\n<p>Ismael Garc\u00eda M.\/Zona Roja.<\/p>\n\n\n\n<p>Oaxaca de Ju\u00e1rez, Oax., 26 de mayo de\n2020.- Un segundo funcionario de Zimatl\u00e1n de \u00c1lvarez v\u00edctima de un accidente\ncarretero, falleci\u00f3 el fin de semana tras varios d\u00edas de hospitalizaci\u00f3n.<\/p>\n\n\n\n<p>El ayuntamiento, a cargo del edil\npanista Javier Barroso, no ha deslindado hasta ahora responsabilidades del\npercance que ocurri\u00f3 el pasado 3 de mayo en la carretera de Santa In\u00e9s del\nMonte a la Villa de Zaachila, en que volc\u00f3 una unidad de motor oficial.<\/p>\n\n\n\n<p>La persona fallecida el pasado s\u00e1bado\nfue identificada como Germ\u00e1n V\u00e1squez Mart\u00ednez y era trabajador del ayuntamiento\nen la oficina del regidor Carlos Alberto Cruz Olayo, quien falleci\u00f3 el d\u00eda de\nlos hechos de tr\u00e1nsito.<\/p>\n\n\n\n<p>MUERE MENOR<\/p>\n\n\n\n<p>Por otra parte, como Rey David fue identificado el menor de edad atropellado ayer por la tarde en la carretera local Santa Cruz Xoxocotl\u00e1n-Cuil\u00e1pam de Guerrero, en inmediaciones del paraje \u201cCruz Blanca\u201d de este \u00faltimo municipio.<\/p>\n\n\n\n<figure class=\"wp-block-embed-twitter wp-block-embed is-type-rich is-provider-twitter\"><div class=\"wp-block-embed__wrapper\">\n<div class=\"twitter-tweet\"><blockquote class=\"twitter-tweet\" data-lang=\"es\"><p lang=\"es\" dir=\"ltr\"><a href=\"https:\/\/twitter.com\/hashtag\/OaxacaRojo?src=hash&amp;ref_src=twsrc%5Etfw\">#OaxacaRojo<\/a><br>Como Rey David, de aproximadamente 10 a\u00f1os de edad, fue identificado de manera preliminar el menor atropellado y muerto en la carretera Xoxocotl\u00e1n-Cuil\u00e1pam, Oaxaca; el conductor huy\u00f3 del lugar en su unidad de motor. <a href=\"https:\/\/t.co\/CP8oDXZOK8\">pic.twitter.com\/CP8oDXZOK8<\/a><\/p>&mdash; Zona Roja Oaxaca (@MexRoja) <a href=\"https:\/\/twitter.com\/MexRoja\/status\/1265108121195737089?ref_src=twsrc%5Etfw\">26 de mayo de 2020<\/a><\/blockquote><\/div>\n<\/div><\/figure>\n","protected":false},"excerpt":{"rendered":"<p>Ismael Garc\u00eda M.\/Zona Roja. Oaxaca de Ju\u00e1rez, Oax., 26 de mayo de 2020.- Un segundo&hellip;<\/p>\n","protected":false},"author":2,"featured_media":12893,"comment_status":"closed","ping_status":"open","sticky":false,"template":"","format":"standard","meta":{"_lmt_disableupdate":"","_lmt_disable":"","_jetpack_memberships_contains_paid_content":false,"footnotes":""},"categories":[109,51],"tags":[1719,802],"class_list":["post-12891","post","type-post","status-publish","format-standard","has-post-thumbnail","hentry","category-minuto-a-minuto","category-zona-roja","tag-cuilapam-de-guerrero","tag-zimatlan-de-alvarez"],"jetpack_featured_media_url":"https:\/\/zonaroja.com.mx\/wp-content\/uploads\/2020\/05\/accidente-Cuil\u00e1pam.jpg","jetpack_sharing_enabled":true,"_links":{"self":[{"href":"https:\/\/zonaroja.com.mx\/index.php?rest_route=\/wp\/v2\/posts\/12891","targetHints":{"allow":["GET"]}}],"collection":[{"href":"https:\/\/zonaroja.com.mx\/index.php?rest_route=\/wp\/v2\/posts"}],"about":[{"href":"https:\/\/zonaroja.com.mx\/index.php?rest_route=\/wp\/v2\/types\/post"}],"author":[{"embeddable":true,"href":"https:\/\/zonaroja.com.mx\/index.php?rest_route=\/wp\/v2\/users\/2"}],"replies":[{"embeddable":true,"href":"https:\/\/zonaroja.com.mx\/index.php?rest_route=%2Fwp%2Fv2%2Fcomments&post=12891"}],"version-history":[{"count":1,"href":"https:\/\/zonaroja.com.mx\/index.php?rest_route=\/wp\/v2\/posts\/12891\/revisions"}],"predecessor-version":[{"id":12892,"href":"https:\/\/zonaroja.com.mx\/index.php?rest_route=\/wp\/v2\/posts\/12891\/revisions\/12892"}],"wp:featuredmedia":[{"embeddable":true,"href":"https:\/\/zonaroja.com.mx\/index.php?rest_route=\/wp\/v2\/media\/12893"}],"wp:attachment":[{"href":"https:\/\/zonaroja.com.mx\/index.php?rest_route=%2Fwp%2Fv2%2Fmedia&parent=12891"}],"wp:term":[{"taxonomy":"category","embeddable":true,"href":"https:\/\/zonaroja.com.mx\/index.php?rest_route=%2Fwp%2Fv2%2Fcategories&post=12891"},{"taxonomy":"post_tag","embeddable":true,"href":"https:\/\/zonaroja.com.mx\/index.php?rest_route=%2Fwp%2Fv2%2Ftags&post=12891"}],"curies":[{"name":"wp","href":"https:\/\/api.w.org\/{rel}","templated":true}]}}