{"id":12894,"date":"2020-05-26T09:52:49","date_gmt":"2020-05-26T14:52:49","guid":{"rendered":"http:\/\/www.zonaroja.com.mx\/?p=12894"},"modified":"2020-05-26T09:52:57","modified_gmt":"2020-05-26T14:52:57","slug":"saturados-por-covid-el-hospital-civil-y-el-hospital-de-zona-1-del-imss","status":"publish","type":"post","link":"https:\/\/zonaroja.com.mx\/?p=12894","title":{"rendered":"Saturados por Covid, el Hospital Civil y el Hospital de Zona 1 del IMSS"},"content":{"rendered":"\n<p>Redacci\u00f3n\/Zona Roja.<\/p>\n\n\n\n<p>Oaxaca de Ju\u00e1rez, Oax., 26 de mayo de\n2020.- El Hospital General \u201cDr. Aurelio Valdivieso\u201d y el Hospital de Zona 1 del\nInstituto Mexicano del Seguro Social (IMSS) en la capital de Oaxaca, tiene el\n100 por ciento de camas utilizadas por pacientes con Covid-19.<\/p>\n\n\n\n<p>Asimismo, de acuerdo con un informe de\nlos Servicios de Salud de la entidad el Hospital \u201cPresidente Ju\u00e1rez\u201d del\nInstituto de Seguridad y Servicios Sociales de los Trabajadores del Estado\n(ISSSTE), tambi\u00e9n en la capital, notifica el 62% de ocupaci\u00f3n.<\/p>\n\n\n\n<p>En tanto, el nosocomio de la Ni\u00f1ez\nOaxaque\u00f1a \u201cDr. Guillermo Z\u00e1rate Mijangos\u201d presenta el 50% de ocupaci\u00f3n, y el de\nla Mujer y Ni\u00f1o Oaxaque\u00f1o en un 52% de ocupaci\u00f3n.<\/p>\n\n\n\n<p>A la vez, el Hospital Regional de Alta\nEspecialidad de Oaxaca (HRAEO) registra el 33.3% de ocupaci\u00f3n; estos tres\n\u00faltimos nosocomios est\u00e1n ubicados en San Bartolo Coyotepec, municipio ubicado a\nunos 15 kil\u00f3metros al sur de la capital del estado.<\/p>\n\n\n\n<p>\u201cEstas cifran var\u00edan constantemente de\nacuerdo con las altas m\u00e9dicas de los pacientes\u201d, advirti\u00f3 la dependencia\nServicios de Salud de Oaxaca.<\/p>\n\n\n\n<p>En los \u00faltimos d\u00edas, cada vez un mayor\nn\u00famero de hospitales en el interior del estado, tanto federales como estatales,\nniegan atenci\u00f3n a pacientes con el coronavirus, pese a que el gobierno de\nOaxaca hab\u00eda anunciado la operaci\u00f3n de 25 nosocomios para atender la actual\npandemia.<\/p>\n\n\n\n<p>Asimismo, el Hospital de Especialidades\nMaterno-Infantil, a\u00fan no ha sido puesto en marcha por la Secretar\u00eda de la\nDefensa Nacional y las autoridades estatales, debido a que a\u00fan no cuenta con el\nsuficiente equipo ni materiales para la emergencia.<\/p>\n\n\n\n<p>\u201cOaxaca tiene el 60% de disponibilidad\nde camas para la atenci\u00f3n de pacientes Covid-19\u201d, dijo ayer el gobernador\nAlejandro Murat a un noticiario radiof\u00f3nico. Pero \u00e9l mismo advirti\u00f3 que estas\ndos semanas ser\u00e1n las m\u00e1s intensas en el n\u00famero de contagios.<\/p>\n","protected":false},"excerpt":{"rendered":"<p>Redacci\u00f3n\/Zona Roja. Oaxaca de Ju\u00e1rez, Oax., 26 de mayo de 2020.- El Hospital General \u201cDr.&hellip;<\/p>\n","protected":false},"author":2,"featured_media":12895,"comment_status":"closed","ping_status":"open","sticky":false,"template":"","format":"standard","meta":{"_lmt_disableupdate":"","_lmt_disable":"","_jetpack_memberships_contains_paid_content":false,"footnotes":""},"categories":[109,47],"tags":[1512],"class_list":["post-12894","post","type-post","status-publish","format-standard","has-post-thumbnail","hentry","category-minuto-a-minuto","category-zona-gris","tag-coronavirus-oaxaca"],"jetpack_featured_media_url":"https:\/\/zonaroja.com.mx\/wp-content\/uploads\/2020\/05\/Paciente-Covid-Hospital-Civil.jpg","jetpack_sharing_enabled":true,"_links":{"self":[{"href":"https:\/\/zonaroja.com.mx\/index.php?rest_route=\/wp\/v2\/posts\/12894","targetHints":{"allow":["GET"]}}],"collection":[{"href":"https:\/\/zonaroja.com.mx\/index.php?rest_route=\/wp\/v2\/posts"}],"about":[{"href":"https:\/\/zonaroja.com.mx\/index.php?rest_route=\/wp\/v2\/types\/post"}],"author":[{"embeddable":true,"href":"https:\/\/zonaroja.com.mx\/index.php?rest_route=\/wp\/v2\/users\/2"}],"replies":[{"embeddable":true,"href":"https:\/\/zonaroja.com.mx\/index.php?rest_route=%2Fwp%2Fv2%2Fcomments&post=12894"}],"version-history":[{"count":1,"href":"https:\/\/zonaroja.com.mx\/index.php?rest_route=\/wp\/v2\/posts\/12894\/revisions"}],"predecessor-version":[{"id":12896,"href":"https:\/\/zonaroja.com.mx\/index.php?rest_route=\/wp\/v2\/posts\/12894\/revisions\/12896"}],"wp:featuredmedia":[{"embeddable":true,"href":"https:\/\/zonaroja.com.mx\/index.php?rest_route=\/wp\/v2\/media\/12895"}],"wp:attachment":[{"href":"https:\/\/zonaroja.com.mx\/index.php?rest_route=%2Fwp%2Fv2%2Fmedia&parent=12894"}],"wp:term":[{"taxonomy":"category","embeddable":true,"href":"https:\/\/zonaroja.com.mx\/index.php?rest_route=%2Fwp%2Fv2%2Fcategories&post=12894"},{"taxonomy":"post_tag","embeddable":true,"href":"https:\/\/zonaroja.com.mx\/index.php?rest_route=%2Fwp%2Fv2%2Ftags&post=12894"}],"curies":[{"name":"wp","href":"https:\/\/api.w.org\/{rel}","templated":true}]}}