{"id":12897,"date":"2020-05-26T10:45:48","date_gmt":"2020-05-26T15:45:48","guid":{"rendered":"http:\/\/www.zonaroja.com.mx\/?p=12897"},"modified":"2020-05-26T10:45:52","modified_gmt":"2020-05-26T15:45:52","slug":"quedarse-encerrados-hasta-que-un-buen-dia-se-desapendejen-salinas-pliego","status":"publish","type":"post","link":"https:\/\/zonaroja.com.mx\/?p=12897","title":{"rendered":"\u201c\u00bfQuedarse encerrados hasta que un buen d\u00eda se desapendejen\u2019\u201d: Salinas Pliego"},"content":{"rendered":"\n<p>Redacci\u00f3n\/Zona Roja Cdmx.<\/p>\n\n\n\n<p>Ciudad de M\u00e9xico, 26 de mayo de 2020.- Ricardo\nSalinas Pliego, presidente de Grupo Salinas, extern\u00f3 de nuevo su desacuerdo con\nel confinamiento social y el cierre de empresas con motivo de la pandemia de\nCovid-19, y en esta ocasi\u00f3n pregunt\u00f3 en Twitter a sus amigos si piensan\nquedarse encerrados hasta que se desapendejen.<\/p>\n\n\n\n<p>El empresario, pol\u00e9mico en las \u00faltimas\nsemanas por resistirse a cerrar sus tiendas Elektra, pregunt\u00f3 cu\u00e1l ser\u00e1 el plan\na seguir, pues el virus que ahora tiene detenida la econom\u00eda seguir\u00e1\nexpandiendo su presencia en tanto haya seres humanos que lo reciban y, por\ntanto, se multiplique.<\/p>\n\n\n\n<p>\u201cLe pregunto a mis amigos en cuarentena\nen Valle&#8230; o donde quiera que est\u00e9n recluidos, \u00bfcu\u00e1l es su plan a futuro?\u201d,\ndijo en la red social, seg\u00fan rese\u00f1a el diario \u201cLa Jornada\u201d.<\/p>\n\n\n\n<p>Salinas Pliego plante\u00f3 los siguientes\nescenarios: 1. \u00bfQuedarse encerrados hasta que haya cura o vacuna? 2. \u00bfQuedarse\nencerrados hasta que el gobierno les diga que pueden salir? 3. \u00bfQuedarse\nencerrados hasta que un buen d\u00eda se desapendejen y decidan salir a vivir la\nvida con todo y sus riesgos?<\/p>\n\n\n\n<p>El empresario cerr\u00f3 su comentario\ndiciendo \u201c\u00bfO hay algo que no veo, algo que se me escapa? \u00a1Abrazos cari\u00f1osos!\u201d.<\/p>\n\n\n\n<p>Previamente, cuando el gobierno reci\u00e9n\nhab\u00eda implementado las medidas de confinamiento social, el empresario alent\u00f3 a\nlos empleados de sus diferentes empresas (Tv Azteca, Elektra, Banco Azteca,\nTotalPlay, entre otras) a seguir trabajando, pues hoy, m\u00e1s que nunca, M\u00e9xico\nnos necesita.<\/p>\n\n\n\n<p>Poco despu\u00e9s ante el cierre de la\nmayor\u00eda de las empresas (menos las suyas), escribi\u00f3 en su cuenta de Twitter: <\/p>\n\n\n\n<p>\u201cEsta nueva enfermedad tiene un ritmo de\ncontagio alto, lo que quiere decir que muchas personas en nuestro pa\u00eds\ncontraer\u00e1n el virus. Sin embargo, de cada 10 contagiadas, ocho no presentan\ns\u00edntomas o son muy leves\u201d.<\/p>\n\n\n\n<p>Es tambi\u00e9n recordado por impulsar desde\nTv Azteca una campa\u00f1a en contra de las autoridades de salud de M\u00e9xico; \u201cno le\nhagan caso al doctor Hugo Gatell\u201d, dijo uno de sus empleados, Javier Alatorre.<\/p>\n","protected":false},"excerpt":{"rendered":"<p>Redacci\u00f3n\/Zona Roja Cdmx. Ciudad de M\u00e9xico, 26 de mayo de 2020.- Ricardo Salinas Pliego, presidente&hellip;<\/p>\n","protected":false},"author":2,"featured_media":12898,"comment_status":"closed","ping_status":"open","sticky":false,"template":"","format":"standard","meta":{"_lmt_disableupdate":"","_lmt_disable":"","_jetpack_memberships_contains_paid_content":false,"footnotes":""},"categories":[109,47],"tags":[904],"class_list":["post-12897","post","type-post","status-publish","format-standard","has-post-thumbnail","hentry","category-minuto-a-minuto","category-zona-gris","tag-ricardo-salinas-pliego"],"jetpack_featured_media_url":"https:\/\/zonaroja.com.mx\/wp-content\/uploads\/2020\/05\/Ricardo-Salinas-Pliego.jpeg","jetpack_sharing_enabled":true,"_links":{"self":[{"href":"https:\/\/zonaroja.com.mx\/index.php?rest_route=\/wp\/v2\/posts\/12897","targetHints":{"allow":["GET"]}}],"collection":[{"href":"https:\/\/zonaroja.com.mx\/index.php?rest_route=\/wp\/v2\/posts"}],"about":[{"href":"https:\/\/zonaroja.com.mx\/index.php?rest_route=\/wp\/v2\/types\/post"}],"author":[{"embeddable":true,"href":"https:\/\/zonaroja.com.mx\/index.php?rest_route=\/wp\/v2\/users\/2"}],"replies":[{"embeddable":true,"href":"https:\/\/zonaroja.com.mx\/index.php?rest_route=%2Fwp%2Fv2%2Fcomments&post=12897"}],"version-history":[{"count":1,"href":"https:\/\/zonaroja.com.mx\/index.php?rest_route=\/wp\/v2\/posts\/12897\/revisions"}],"predecessor-version":[{"id":12899,"href":"https:\/\/zonaroja.com.mx\/index.php?rest_route=\/wp\/v2\/posts\/12897\/revisions\/12899"}],"wp:featuredmedia":[{"embeddable":true,"href":"https:\/\/zonaroja.com.mx\/index.php?rest_route=\/wp\/v2\/media\/12898"}],"wp:attachment":[{"href":"https:\/\/zonaroja.com.mx\/index.php?rest_route=%2Fwp%2Fv2%2Fmedia&parent=12897"}],"wp:term":[{"taxonomy":"category","embeddable":true,"href":"https:\/\/zonaroja.com.mx\/index.php?rest_route=%2Fwp%2Fv2%2Fcategories&post=12897"},{"taxonomy":"post_tag","embeddable":true,"href":"https:\/\/zonaroja.com.mx\/index.php?rest_route=%2Fwp%2Fv2%2Ftags&post=12897"}],"curies":[{"name":"wp","href":"https:\/\/api.w.org\/{rel}","templated":true}]}}