{"id":12900,"date":"2020-05-26T10:57:58","date_gmt":"2020-05-26T15:57:58","guid":{"rendered":"http:\/\/www.zonaroja.com.mx\/?p=12900"},"modified":"2020-05-26T10:58:05","modified_gmt":"2020-05-26T15:58:05","slug":"con-otros-datos-reclaman-feministas-en-oaxaca-los-dichos-de-amlo","status":"publish","type":"post","link":"https:\/\/zonaroja.com.mx\/?p=12900","title":{"rendered":"Con otros datos, reclaman feministas en Oaxaca los dichos de AMLO"},"content":{"rendered":"\n<p>Evlin Arag\u00f3n\/Zona Roja.<\/p>\n\n\n\n<p>Oaxaca de Ju\u00e1rez, Oax., 26 de mayo de\n2020.- \u201cEn Oaxaca las feministas tenemos otros datos\u201d, refiere Ang\u00e9lica Ayala,\npresidenta de Grupo de Estudios sobre la Mujer \u201cRosario Castellanos\u201d, como\nparte de la protesta virtual organizada a nivel nacional para este lunes 25 de\nmayo denominada \u201cNosotras tenemos otros datos\u201d<\/p>\n\n\n\n<p>El mensaje es dirigido al Presidente de\nla Rep\u00fablica, Andr\u00e9s Manuel L\u00f3pez Obrador, que en reiteradas ocasiones ha\ndesestimado el incremento de los casos de violencia de g\u00e9nero durante el\nperiodo de confinamiento en los hogares debido a la pandemia por Covid-19.<\/p>\n\n\n\n<p>Por medio de un video, las integrantes\nde GesMujer refieren que la pandemia de violencia hacia las ni\u00f1as y las mujeres\nes una realidad en la entidad oaxaque\u00f1a, as\u00ed como el incremento en el contexto\nde la emergencia sanitaria que se mantiene en todo el pa\u00eds.<\/p>\n\n\n\n<p>\u201cLas mujeres que llaman para pedir\nauxilio sobre las violencias que viven dentro de sus hogares no mienten, Las\nni\u00f1as y j\u00f3venes que denuncian violencias en sus casas no mienten. Las ni\u00f1as y\nlas mujeres que hoy est\u00e1n en silencio es porque la violencia feminicida acall\u00f3\nsus voces\u201d, manifiestan a lo largo del material que difundieron en sus redes\nsociales.<\/p>\n\n\n\n<p>En este sentido, explicaron que han\nrecibido dos mil 500 llamadas pidiendo auxilio, solicitando atenci\u00f3n\npsicol\u00f3gica, orientaci\u00f3n legal, ordenes de aprehensi\u00f3n y traslados a refugios,\nsituaci\u00f3n que les preocupa y ocupa por lo que de forma comprometida mantienen\nel acompa\u00f1amiento a las mujeres que son v\u00edctimas de violencia de g\u00e9nero.<\/p>\n\n\n\n<p>As\u00ed mismo, no descartan que dentro de\nlas llamadas existan denuncias falsas, sin embargo, aclararon que ninguna de\nesas puede ser de una mujer que necesita ayuda, por lo que las recientes\ndeclaraciones del mandatario federal significan otro riesgo tanto a las mujeres\ncomo a las ni\u00f1as de sufrir todo tipo de violencia.<\/p>\n\n\n\n<p>\u201cEl 28 por ciento de mujeres asesinadas\nde forma violenta fueron encontradas en su casa, en ese lugar usted afirma que\nhay fraternidad\u201d, manifiesta una de las integrantes de GesMujer.<\/p>\n\n\n\n<p>Mientras que Ang\u00e9lica Ayala asegur\u00f3 que\nes necesario que exista sensibilidad, voluntad pol\u00edtica y acciones contundentes\nde protecci\u00f3n y defensa de los derechos humanos de las ni\u00f1as y mujeres. \u201cEso es\nlo que demandamos de usted y de su gobierno\u201d, sentenci\u00f3, a la par que llam\u00f3 al\nmandatario federal a asumir su responsabilidad de Estado.<\/p>\n\n\n\n<p>Al llamado de la campa\u00f1a nacional se\nunieron otros colectivos y activistas feministas en Oaxaca, que a trav\u00e9s de sus\nredes sociales reafirmaron su indignaci\u00f3n por las recientes declaraciones del\npresidente L\u00f3pez Obrador, asegurando que la verdadera pandemia es la violencia\ncontra las ni\u00f1as y mujeres, y que negar lo que es evidente es una\nirresponsabilidad de parte del mandatario que lo convierte en c\u00f3mplice de la\nproblem\u00e1tica.<\/p>\n\n\n\n<p>As\u00ed mismo, exigieron justicia para todas\nlas mujeres, no m\u00e1s impunidad y un alto a la violencia de g\u00e9nero y feminicida\nen la entidad oaxaque\u00f1a, que en lo que va de la administraci\u00f3n actual registra\n426 feminicidios, de los cuales 211 se han registrado posterior a la\ndeclaraci\u00f3n de Alerta de Violencia de G\u00e9nero en 40 municipios de la entidad\noaxaque\u00f1a, lo cual representa casi el 50 por ciento de los casos y podr\u00eda\ninterpretarse como el fracaso de la estrategia implementada por las autoridades\nestatales y federales.<\/p>\n","protected":false},"excerpt":{"rendered":"<p>Evlin Arag\u00f3n\/Zona Roja. Oaxaca de Ju\u00e1rez, Oax., 26 de mayo de 2020.- \u201cEn Oaxaca las&hellip;<\/p>\n","protected":false},"author":2,"featured_media":12901,"comment_status":"closed","ping_status":"open","sticky":false,"template":"","format":"standard","meta":{"_lmt_disableupdate":"","_lmt_disable":"","_jetpack_memberships_contains_paid_content":false,"footnotes":""},"categories":[109,47],"tags":[610],"class_list":["post-12900","post","type-post","status-publish","format-standard","has-post-thumbnail","hentry","category-minuto-a-minuto","category-zona-gris","tag-feminicidios-oaxaca"],"jetpack_featured_media_url":"https:\/\/zonaroja.com.mx\/wp-content\/uploads\/2020\/05\/Ang\u00e9lica-Ayala.jpg","jetpack_sharing_enabled":true,"_links":{"self":[{"href":"https:\/\/zonaroja.com.mx\/index.php?rest_route=\/wp\/v2\/posts\/12900","targetHints":{"allow":["GET"]}}],"collection":[{"href":"https:\/\/zonaroja.com.mx\/index.php?rest_route=\/wp\/v2\/posts"}],"about":[{"href":"https:\/\/zonaroja.com.mx\/index.php?rest_route=\/wp\/v2\/types\/post"}],"author":[{"embeddable":true,"href":"https:\/\/zonaroja.com.mx\/index.php?rest_route=\/wp\/v2\/users\/2"}],"replies":[{"embeddable":true,"href":"https:\/\/zonaroja.com.mx\/index.php?rest_route=%2Fwp%2Fv2%2Fcomments&post=12900"}],"version-history":[{"count":1,"href":"https:\/\/zonaroja.com.mx\/index.php?rest_route=\/wp\/v2\/posts\/12900\/revisions"}],"predecessor-version":[{"id":12902,"href":"https:\/\/zonaroja.com.mx\/index.php?rest_route=\/wp\/v2\/posts\/12900\/revisions\/12902"}],"wp:featuredmedia":[{"embeddable":true,"href":"https:\/\/zonaroja.com.mx\/index.php?rest_route=\/wp\/v2\/media\/12901"}],"wp:attachment":[{"href":"https:\/\/zonaroja.com.mx\/index.php?rest_route=%2Fwp%2Fv2%2Fmedia&parent=12900"}],"wp:term":[{"taxonomy":"category","embeddable":true,"href":"https:\/\/zonaroja.com.mx\/index.php?rest_route=%2Fwp%2Fv2%2Fcategories&post=12900"},{"taxonomy":"post_tag","embeddable":true,"href":"https:\/\/zonaroja.com.mx\/index.php?rest_route=%2Fwp%2Fv2%2Ftags&post=12900"}],"curies":[{"name":"wp","href":"https:\/\/api.w.org\/{rel}","templated":true}]}}