{"id":12903,"date":"2020-05-26T11:19:34","date_gmt":"2020-05-26T16:19:34","guid":{"rendered":"http:\/\/www.zonaroja.com.mx\/?p=12903"},"modified":"2020-05-26T11:19:37","modified_gmt":"2020-05-26T16:19:37","slug":"hospital-del-issste-en-tlaxiaco-rechaza-atender-a-pacientes-con-covid","status":"publish","type":"post","link":"https:\/\/zonaroja.com.mx\/?p=12903","title":{"rendered":"Hospital del ISSSTE en Tlaxiaco rechaza atender a pacientes con Covid"},"content":{"rendered":"\n<p>Evlin Arag\u00f3n\/Zona Roja.<\/p>\n\n\n\n<p>Oaxaca de Ju\u00e1rez, Oax., 26 de mayo de\n2020.- Personal de la Cl\u00ednica de Medicina Familiar ISSSTE de la Heroica Ciudad\nde Tlaxiaco, dio a conocer que no cuentan con la capacidad para enfrentar la\npandemia por Covid-19, debido a la falta de material y equipo.<\/p>\n\n\n\n<p>Para ello colocaron una lona en la\nentrada de la instituci\u00f3n, como ya lo han hecho otros nosocomios en otras\npartes de la entidad, donde se ha deslindado de la responsabilidad de atender\npacientes que presentan complicaciones respiratorias al no ser designados por\nlas autoridades y no contar con los recursos para brindar el servicio.<\/p>\n\n\n\n<p>\u201cEsta unidad no cuenta con la capacidad\npara enfrentar la pandemia por Covid-19; al no tener la infraestructura, equipo\nbiom\u00e9dico, insumos necesarios, as\u00ed como el recurso humano, para brindar una\natenci\u00f3n m\u00e9dica de calidad, poniendo en riesgo la salud de los\nderechohabientes, sus familiares y de los propios trabajadores\u201d, cita la lona.<\/p>\n\n\n\n<p>El mensaje es dirigido al director\ngeneral del ISSSTE, el oaxaque\u00f1o Luis Antonio Ram\u00edrez Pineda, con la intenci\u00f3n\nde que sean escuchadas y atendidas sus demandas para brindar la atenci\u00f3n de\nforma regular y no solo en medio de la contingencia.<\/p>\n\n\n\n<p>DESMIENTEN CASO<\/p>\n\n\n\n<p>Por otra parte, autoridades de San\nLorenzo Victoria, perteneciente al distrito de Silacoyo\u00e1pam, negaron la\nexistencia de casos de Covid-19 en la localidad, pese a que los datos fueron emitidos\npor los Servicios de Salud de Oaxaca, en los cortes informativos que realizan\nde forma diaria para dar a conocer el avance de la pandemia.<\/p>\n\n\n\n<p>En un comunicado firmado por Luis Manuel\nGarc\u00eda Gonz\u00e1lez, presidente municipal, explican que la noticia emitida por una\nfuente poco confiable s\u00f3lo alarm\u00f3 a la poblaci\u00f3n, por lo que ser\u00e1 la autoridad\nlocal la que emitir\u00e1 un comunicado cuando existan casos confirmados.<\/p>\n\n\n\n<p>\u201cSe hace el presente comunicado para\ninformar a nuestra gente que en la localidad hasta el momento no hay ning\u00fan\ncaso confirmado del virus, cuando ocurra la existencia de alg\u00fan caso confirmado\nde contagio se har\u00e1 el comunicado oficial y esto ser\u00e1 para que se implementen\nlas medidas necesarias\u201d, cita el documento.<\/p>\n\n\n\n<p>Garc\u00eda Gonz\u00e1lez aprovech\u00f3 para pedir a\nla poblaci\u00f3n que conserve la calma adem\u00e1s de invitarles a seguir con las\nmedidas preventivas emitidas por las autoridades sanitarias correspondientes\npara evitar la propagaci\u00f3n del virus que en la regi\u00f3n Mixteca cuenta con\nestad\u00edsticas de 75 casos confirmados y 13 defunciones.<\/p>\n","protected":false},"excerpt":{"rendered":"<p>Evlin Arag\u00f3n\/Zona Roja. Oaxaca de Ju\u00e1rez, Oax., 26 de mayo de 2020.- Personal de la&hellip;<\/p>\n","protected":false},"author":2,"featured_media":12904,"comment_status":"closed","ping_status":"open","sticky":false,"template":"","format":"standard","meta":{"_lmt_disableupdate":"","_lmt_disable":"","_jetpack_memberships_contains_paid_content":false,"footnotes":""},"categories":[109,47],"tags":[1512],"class_list":["post-12903","post","type-post","status-publish","format-standard","has-post-thumbnail","hentry","category-minuto-a-minuto","category-zona-gris","tag-coronavirus-oaxaca"],"jetpack_featured_media_url":"https:\/\/zonaroja.com.mx\/wp-content\/uploads\/2020\/05\/Protesta-ISSSTE-Tlaxiaco.jpg","jetpack_sharing_enabled":true,"_links":{"self":[{"href":"https:\/\/zonaroja.com.mx\/index.php?rest_route=\/wp\/v2\/posts\/12903","targetHints":{"allow":["GET"]}}],"collection":[{"href":"https:\/\/zonaroja.com.mx\/index.php?rest_route=\/wp\/v2\/posts"}],"about":[{"href":"https:\/\/zonaroja.com.mx\/index.php?rest_route=\/wp\/v2\/types\/post"}],"author":[{"embeddable":true,"href":"https:\/\/zonaroja.com.mx\/index.php?rest_route=\/wp\/v2\/users\/2"}],"replies":[{"embeddable":true,"href":"https:\/\/zonaroja.com.mx\/index.php?rest_route=%2Fwp%2Fv2%2Fcomments&post=12903"}],"version-history":[{"count":1,"href":"https:\/\/zonaroja.com.mx\/index.php?rest_route=\/wp\/v2\/posts\/12903\/revisions"}],"predecessor-version":[{"id":12905,"href":"https:\/\/zonaroja.com.mx\/index.php?rest_route=\/wp\/v2\/posts\/12903\/revisions\/12905"}],"wp:featuredmedia":[{"embeddable":true,"href":"https:\/\/zonaroja.com.mx\/index.php?rest_route=\/wp\/v2\/media\/12904"}],"wp:attachment":[{"href":"https:\/\/zonaroja.com.mx\/index.php?rest_route=%2Fwp%2Fv2%2Fmedia&parent=12903"}],"wp:term":[{"taxonomy":"category","embeddable":true,"href":"https:\/\/zonaroja.com.mx\/index.php?rest_route=%2Fwp%2Fv2%2Fcategories&post=12903"},{"taxonomy":"post_tag","embeddable":true,"href":"https:\/\/zonaroja.com.mx\/index.php?rest_route=%2Fwp%2Fv2%2Ftags&post=12903"}],"curies":[{"name":"wp","href":"https:\/\/api.w.org\/{rel}","templated":true}]}}