{"id":12906,"date":"2020-05-26T14:33:43","date_gmt":"2020-05-26T19:33:43","guid":{"rendered":"http:\/\/www.zonaroja.com.mx\/?p=12906"},"modified":"2020-05-26T14:33:46","modified_gmt":"2020-05-26T19:33:46","slug":"tambien-al-100-de-capacidad-hospital-de-tuxtepec-unico-en-su-nivel-en-la-cuenca","status":"publish","type":"post","link":"https:\/\/zonaroja.com.mx\/?p=12906","title":{"rendered":"Tambi\u00e9n al 100% de capacidad, Hospital de Tuxtepec, \u00fanico en su nivel en la Cuenca"},"content":{"rendered":"\n<p>Yuridiana Sosa\/Zona Roja.<\/p>\n\n\n\n<p>San Juan Bautista Tuxtepec, Oax., 26 de\nmayo de 2020.- El Hospital General de Tuxtepec, que atiende a la poblaci\u00f3n de\nla regi\u00f3n Cuenca de Oaxaca, lleg\u00f3 al tope de su ocupaci\u00f3n de camas destinadas a\npacientes con Covid-19.<\/p>\n\n\n\n<p>As\u00ed lo confirm\u00f3 el director de Atenci\u00f3n\nM\u00e9dica de los Servicios de Salud de Oaxaca, Erick Azamar Cruz, durante la\nconferencia nocturna de este 15 de mayo, cuando la Jurisdicci\u00f3n Sanitaria\nn\u00famero 3, Tuxtepec, alcanz\u00f3 los 115 casos acumulados, siendo la segunda zona\ncon m\u00e1s contagios.<\/p>\n\n\n\n<p>En el Hospital de los SSO en Tuxtepec se\ndestinaron 18 de las 65 camas disponible para la atenci\u00f3n de pacientes con\ncoronavirus en la regi\u00f3n de la Cuenca, mismos que a la fecha ya no est\u00e1n\ndisponibles para la poblaci\u00f3n que no cuenta con seguridad social.<\/p>\n\n\n\n<p>A su vez, el jefe de la Jurisdicci\u00f3n 03,\nMois\u00e9s Montalvo Aspr\u00f3n, dijo que se trabaja en la habilitaci\u00f3n de otros\nespacios, aunque no precis\u00f3 la nueva capacidad o la fecha.<\/p>\n\n\n\n<p>La Jurisdicci\u00f3n Sanitaria agreg\u00f3 que 39\ncamas Covid-19 se localizan en el Hospital de Zona n\u00famero 3 del IMSS y ocho en\nel Hospital-Cl\u00ednica del ISSSTE, con un total de 13 ventiladores.<\/p>\n\n\n\n<p>De 23 pacientes, dispersos en los\ndistintos nosocomios de la zona, 22 se reportaron hasta este 25 de mayo como\ngraves. Mientras que los SSO consider\u00f3 que s\u00f3lo ocho de cada 10 diagn\u00f3sticos\npositivos requieren hospitalizaci\u00f3n.<\/p>\n\n\n\n<p>En la Cuenca, este 25 de mayo se\nagregaron a la lista de municipios nuevos con contagio San Felipe Jalapa D\u00edaz,\ncon dos casos, y San Pedro Ixcatl\u00e1n. <\/p>\n\n\n\n<p>Un d\u00eda antes se sum\u00f3 Acatl\u00e1n de P\u00e9rez\nFigueroa, por lo que ahora ya son nueve los municipios de la regi\u00f3n que\nregistran casos de coronavirus.<\/p>\n","protected":false},"excerpt":{"rendered":"<p>Yuridiana Sosa\/Zona Roja. San Juan Bautista Tuxtepec, Oax., 26 de mayo de 2020.- El Hospital&hellip;<\/p>\n","protected":false},"author":2,"featured_media":12907,"comment_status":"closed","ping_status":"open","sticky":false,"template":"","format":"standard","meta":{"_lmt_disableupdate":"","_lmt_disable":"","_jetpack_memberships_contains_paid_content":false,"footnotes":""},"categories":[109,47],"tags":[1512],"class_list":["post-12906","post","type-post","status-publish","format-standard","has-post-thumbnail","hentry","category-minuto-a-minuto","category-zona-gris","tag-coronavirus-oaxaca"],"jetpack_featured_media_url":"https:\/\/zonaroja.com.mx\/wp-content\/uploads\/2020\/05\/Hospital-Tuxtepec.jpg","jetpack_sharing_enabled":true,"_links":{"self":[{"href":"https:\/\/zonaroja.com.mx\/index.php?rest_route=\/wp\/v2\/posts\/12906","targetHints":{"allow":["GET"]}}],"collection":[{"href":"https:\/\/zonaroja.com.mx\/index.php?rest_route=\/wp\/v2\/posts"}],"about":[{"href":"https:\/\/zonaroja.com.mx\/index.php?rest_route=\/wp\/v2\/types\/post"}],"author":[{"embeddable":true,"href":"https:\/\/zonaroja.com.mx\/index.php?rest_route=\/wp\/v2\/users\/2"}],"replies":[{"embeddable":true,"href":"https:\/\/zonaroja.com.mx\/index.php?rest_route=%2Fwp%2Fv2%2Fcomments&post=12906"}],"version-history":[{"count":1,"href":"https:\/\/zonaroja.com.mx\/index.php?rest_route=\/wp\/v2\/posts\/12906\/revisions"}],"predecessor-version":[{"id":12908,"href":"https:\/\/zonaroja.com.mx\/index.php?rest_route=\/wp\/v2\/posts\/12906\/revisions\/12908"}],"wp:featuredmedia":[{"embeddable":true,"href":"https:\/\/zonaroja.com.mx\/index.php?rest_route=\/wp\/v2\/media\/12907"}],"wp:attachment":[{"href":"https:\/\/zonaroja.com.mx\/index.php?rest_route=%2Fwp%2Fv2%2Fmedia&parent=12906"}],"wp:term":[{"taxonomy":"category","embeddable":true,"href":"https:\/\/zonaroja.com.mx\/index.php?rest_route=%2Fwp%2Fv2%2Fcategories&post=12906"},{"taxonomy":"post_tag","embeddable":true,"href":"https:\/\/zonaroja.com.mx\/index.php?rest_route=%2Fwp%2Fv2%2Ftags&post=12906"}],"curies":[{"name":"wp","href":"https:\/\/api.w.org\/{rel}","templated":true}]}}