{"id":12914,"date":"2020-05-26T17:13:26","date_gmt":"2020-05-26T22:13:26","guid":{"rendered":"https:\/\/www.zonaroja.com.mx\/?p=12914"},"modified":"2020-05-26T17:13:28","modified_gmt":"2020-05-26T22:13:28","slug":"martes-rojo-tres-ejecutados-en-valles-un-decapitado-en-istmo-y-balacera-en-cuenca","status":"publish","type":"post","link":"https:\/\/zonaroja.com.mx\/?p=12914","title":{"rendered":"Martes rojo: tres ejecutados en Valles, un decapitado en Istmo y balacera en Cuenca"},"content":{"rendered":"\n<p>Redacci\u00f3n\/Zona Roja. <br>Oaxaca de Ju\u00e1rez, Oax., 26 de mayo de 2020.- La ola de violencia se mantiene en Oaxaca, donde <a href=\"\/\/1\">este marte<\/a>s se registraron delitos de alto impacto en la regi\u00f3n de Valles Centrales, Istmo y la Cuenca, con el saldo de tres personas ejecutadas, el hallazgo de una cabeza humana y balaceras entre delincuentes y fuerzas armadas.<\/p>\n\n\n\n<p>Al mediod\u00eda de <a href=\"\/\/2\">este<\/a> martes se report\u00f3 al interior de una vivienda en el municipio de Zimatl\u00e1n de \u00c1lvarez, el hallazgo de tres personas asesinadas, quienes presentaban huellas de impactos de arma de fuego.<br>Se localiz\u00f3 el cuerpo de una mujer y dos varones m\u00e1s en un domicilio ubicado en el Barrio San Jos\u00e9, hasta donde arribaron elementos de la Agencia Estatal de Investigaciones (AEI).<\/p>\n\n\n\n<p>Por estos hechos, la Fiscal\u00eda General del Estado de Oaxaca inform\u00f3 que inici\u00f3 la carpeta de investigaci\u00f3n 16792\/FVCE\/ZIMATLAN\/2020.<\/p>\n\n\n\n<p>DEGOLLADO EN MATIAS ROMERO<\/p>\n\n\n\n<p>En el acceso principal del municipio de Mat\u00edas Romero de Avenda\u00f1o, en la regi\u00f3n del Istmo, la ma\u00f1ana de hoy se localiz\u00f3 la cabeza -sin cuerpo-, de un var\u00f3n.<\/p>\n\n\n\n<p>El reporte policial indic\u00f3 que la cabeza humana fue colocada sobre una cartulina con un mensaje intimidatorio, entre grupos crim\u00ednales. Mismos que fueron asegurados para realizar las diligencias correspondientes.<\/p>\n\n\n\n<p>Horas despu\u00e9s elementos policiales recibieron el reporte sobre el hallazgo de un cuerpo decapitado, de un var\u00f3n, sobre un camino de terracer\u00eda del municipio vecino de El Barrio de la Soledad.<\/p>\n\n\n\n<p>El cuerpo de la v\u00edctima se encontraba atado de manos y pies, as\u00ed como presentaba huellas de tortura, indic\u00f3 el reporte policial sobre el hallazgo en la poblaci\u00f3n Las Cruces.<\/p>\n\n\n\n<p>BALACERA EN TUXTEPEC<\/p>\n\n\n\n<p>En San Juan Bautista Tuxtepec, elementos de la Guardia Nacional se enfrentaron contra civiles armados, en una zona habitacional, donde tambi\u00e9n se registr\u00f3 la detenci\u00f3n de tres presuntos delincuentes.<\/p>\n\n\n\n<p>El reporte preliminar indic\u00f3 que poco despu\u00e9s <a href=\"\/\/4\">de las 13:00<\/a> horas se registro una balacera en el fraccionamiento Adolfo L\u00f3pez Mateos II -Playa de Mono-, en la periferia de la ciudad y cercano al ingenio azucarero del mismo nombre, donde particip\u00f3 la Guardia Nacional, as\u00ed como elementos de la Polic\u00eda Estatal.<\/p>\n\n\n\n<p>Tras varios minutos de la b\u00fasqueda de los presuntos agresores, las fuerzas federales lograron la detenci\u00f3n de Hugo Eduardo L. <a href=\"\/\/5\">R. de aproximadamente 28<\/a> a\u00f1os, Marco Antonio O. C. de 24 a\u00f1os y<br>Moises P. A. de 26 a\u00f1os.<\/p>\n\n\n\n<p>Hasta el momento, la Fiscal\u00eda General del Estado no ha emitido informaci\u00f3n detallada sobre los hechos registrados. <\/p>\n","protected":false},"excerpt":{"rendered":"<p>Redacci\u00f3n\/Zona Roja. Oaxaca de Ju\u00e1rez, Oax., 26 de mayo de 2020.- La ola de violencia&hellip;<\/p>\n","protected":false},"author":2,"featured_media":12913,"comment_status":"closed","ping_status":"open","sticky":false,"template":"","format":"standard","meta":{"_lmt_disableupdate":"","_lmt_disable":"","_jetpack_memberships_contains_paid_content":false,"footnotes":""},"categories":[109,51],"tags":[],"class_list":["post-12914","post","type-post","status-publish","format-standard","has-post-thumbnail","hentry","category-minuto-a-minuto","category-zona-roja"],"jetpack_featured_media_url":"https:\/\/zonaroja.com.mx\/wp-content\/uploads\/2020\/05\/c5a56c42-e410-445d-8c9a-55534d52e5d2.jpg","jetpack_sharing_enabled":true,"_links":{"self":[{"href":"https:\/\/zonaroja.com.mx\/index.php?rest_route=\/wp\/v2\/posts\/12914","targetHints":{"allow":["GET"]}}],"collection":[{"href":"https:\/\/zonaroja.com.mx\/index.php?rest_route=\/wp\/v2\/posts"}],"about":[{"href":"https:\/\/zonaroja.com.mx\/index.php?rest_route=\/wp\/v2\/types\/post"}],"author":[{"embeddable":true,"href":"https:\/\/zonaroja.com.mx\/index.php?rest_route=\/wp\/v2\/users\/2"}],"replies":[{"embeddable":true,"href":"https:\/\/zonaroja.com.mx\/index.php?rest_route=%2Fwp%2Fv2%2Fcomments&post=12914"}],"version-history":[{"count":1,"href":"https:\/\/zonaroja.com.mx\/index.php?rest_route=\/wp\/v2\/posts\/12914\/revisions"}],"predecessor-version":[{"id":12915,"href":"https:\/\/zonaroja.com.mx\/index.php?rest_route=\/wp\/v2\/posts\/12914\/revisions\/12915"}],"wp:featuredmedia":[{"embeddable":true,"href":"https:\/\/zonaroja.com.mx\/index.php?rest_route=\/wp\/v2\/media\/12913"}],"wp:attachment":[{"href":"https:\/\/zonaroja.com.mx\/index.php?rest_route=%2Fwp%2Fv2%2Fmedia&parent=12914"}],"wp:term":[{"taxonomy":"category","embeddable":true,"href":"https:\/\/zonaroja.com.mx\/index.php?rest_route=%2Fwp%2Fv2%2Fcategories&post=12914"},{"taxonomy":"post_tag","embeddable":true,"href":"https:\/\/zonaroja.com.mx\/index.php?rest_route=%2Fwp%2Fv2%2Ftags&post=12914"}],"curies":[{"name":"wp","href":"https:\/\/api.w.org\/{rel}","templated":true}]}}