{"id":12916,"date":"2020-05-26T19:18:13","date_gmt":"2020-05-27T00:18:13","guid":{"rendered":"http:\/\/www.zonaroja.com.mx\/?p=12916"},"modified":"2020-05-26T19:18:17","modified_gmt":"2020-05-27T00:18:17","slug":"la-capital-de-oaxaca-tuxtepec-y-huajuapan-zonas-de-riesgo-por-covid","status":"publish","type":"post","link":"https:\/\/zonaroja.com.mx\/?p=12916","title":{"rendered":"La capital de Oaxaca, Tuxtepec y Huajuapan, zonas de riesgo por Covid"},"content":{"rendered":"\n<p>Yuridiana Sosa\/Evlin Arag\u00f3n<\/p>\n\n\n\n<p>Oaxaca de Ju\u00e1rez, Oax., 26 de mayo de\n2020.- Por sus altos \u00edndices de contagios Covid-19, los municipios de Oaxaca de\nJu\u00e1rez y zona conurbada, as\u00ed como San Juan Bautista Tuxtepec, en la regi\u00f3n\nCuenca, y Huajuapan de Le\u00f3n, en la Mixteca, fueron catalogados como sitios de\nalta propagaci\u00f3n.<\/p>\n\n\n\n<p>La coordinadora en Oaxaca para acciones\nsobre afectaciones ante la pandemia, Susana Harp Iturribar\u00eda, dio a conocer a\ntrav\u00e9s de su cuenta de Twitter que las autoridades sanitarias indicaron sobre\nel problema en esas zonas de la entidad, misma que reverti\u00f3 la denominaci\u00f3n\n\u201cmunicipios esperanza\u201d por el aumento de casos.<\/p>\n\n\n\n<p>\u201cLas autoridades sanitarias nos indican\nque la ciudad de Oaxaca y zona conurbada, Tuxtepec y Huajuapan estamos con\nmayor contagio y duraremos as\u00ed alrededor de dos semanas\u201d, escribi\u00f3 la\nresponsable de vincular las necesidades y respuestas entre el pueblo oaxaque\u00f1os\ny el gobierno federal para enfrentar la crisis en todos los sectores derivadas\nde la pandemia.<\/p>\n\n\n\n<p>Datos de los Servicios de Salud de\nOaxaca (SSO), al corte de este 25 de mayo, muestran que la capital oaxaque\u00f1a\nregistra un el n\u00famero de casos confirmados a nivel estatal m\u00e1s altos con 276.<\/p>\n\n\n\n<p>As\u00ed como municipios a su alrededor como\nson Santa Cruz Xoxocotl\u00e1n, con 69; Santa Lucia del Camino, 35; San Antonio de\nla Cal, 30, entre otros tambi\u00e9n afectados en la regi\u00f3n de Valles Centrales.<\/p>\n\n\n\n<p>San Juan Bautista Tuxtepec, en la regi\u00f3n\nCuenca, concentra 97 casos de los 115 reportados hasta este 25 de mayo.\nMientras que Huajaupan, en la regi\u00f3n Mixteca, es el municipio con m\u00e1s casos al\nacumular 31 casos, de los 75 que presenta la Jurisdicci\u00f3n Sanitaria n\u00famero 5.<\/p>\n\n\n\n<p>La senadora con licencia, quien desde su\ndesignaci\u00f3n a inicios de mayo no ha mostrado p\u00fablicamente su trabajo\nrelacionado a la contingencia, aprovech\u00f3 la publicaci\u00f3n para recomendar a la\npoblaci\u00f3n a seguir cuid\u00e1ndose. \u201cSalgamos diario unos 10 minutos al sol\u201d, dijo.<\/p>\n\n\n\n<p>JAMILTEPEC REFUERZA<\/p>\n\n\n\n<p>Por otra parte, luego de que este lunes\nla Secretar\u00eda de Salud federal confirmara el primer paciente positivo en el\nmunicipio de Santiago Jamiltepec, como parte de las 32 localidad que ingresan a\nla lista de nuevos casos registrados, las autoridades hicieron un llamado a la\npoblaci\u00f3n para disminuir la movilidad y quedarse en casa.<\/p>\n\n\n\n<p>Para lo anterior utilizaron las redes\nsociales del ayuntamiento con la intenci\u00f3n de hacer un llamado respetuoso pero\nen\u00e9rgico a las y los ciudadanos del municipio a fin de que cumplan con las\ndisposiciones enmarcadas en la jornada de sana distancia, incluido la\ndisminuci\u00f3n de la movilidad, quedarse en casa, el uso correcto de cubrebocas y\nel lavado frecuente de manos.<\/p>\n\n\n\n<p>En torno a la restricci\u00f3n ambulatoria de\nlas personas en el municipio, la autoridad ha determinado un toque de queda ya\nque las y los habitantes no podr\u00e1n salir a las calles despu\u00e9s de las nueve de\nla noche, a menos que se trate de un caso de emergencia.<\/p>\n\n\n\n<p>As\u00ed mismo, han prohibido las actividades\nmasivas incluidas fiestas, reuniones, velorios, rezos, mayordom\u00edas o cualquier\notra que concentre un n\u00famero significativo de personas&nbsp; y que pueda derivar en el contagio a gran\nescala de Covid-19.<\/p>\n\n\n\n<p>De igual forma anunci\u00f3 que contin\u00faa la\nsuspensi\u00f3n temporal de actividades en cantinas, bares, cervecer\u00edas, centros\nbotanero y similares, aclarando que no est\u00e1 prohibida la venta y el consumo de\nbebidas alcoh\u00f3licas la cual puede realizarse para llevar y degustarse al\ninterior de las viviendas.<\/p>\n\n\n\n<p>Finalmente pidi\u00f3 a la poblaci\u00f3n quedarse\nen casa como el m\u00e9todo m\u00e1s eficaz de evitar el contagio masivo en la poblaci\u00f3n,\nas\u00ed como la aplicaci\u00f3n de los protocolos de la sana distancia, el uso correcto\nde cubrebocas y el lavado frecuente de manos.<\/p>\n","protected":false},"excerpt":{"rendered":"<p>Yuridiana Sosa\/Evlin Arag\u00f3n Oaxaca de Ju\u00e1rez, Oax., 26 de mayo de 2020.- Por sus altos&hellip;<\/p>\n","protected":false},"author":2,"featured_media":12917,"comment_status":"closed","ping_status":"open","sticky":false,"template":"","format":"standard","meta":{"_lmt_disableupdate":"","_lmt_disable":"","_jetpack_memberships_contains_paid_content":false,"footnotes":""},"categories":[109,47],"tags":[1512],"class_list":["post-12916","post","type-post","status-publish","format-standard","has-post-thumbnail","hentry","category-minuto-a-minuto","category-zona-gris","tag-coronavirus-oaxaca"],"jetpack_featured_media_url":"https:\/\/zonaroja.com.mx\/wp-content\/uploads\/2020\/05\/Coronavirus-zona-alto-riesgo.jpg","jetpack_sharing_enabled":true,"_links":{"self":[{"href":"https:\/\/zonaroja.com.mx\/index.php?rest_route=\/wp\/v2\/posts\/12916","targetHints":{"allow":["GET"]}}],"collection":[{"href":"https:\/\/zonaroja.com.mx\/index.php?rest_route=\/wp\/v2\/posts"}],"about":[{"href":"https:\/\/zonaroja.com.mx\/index.php?rest_route=\/wp\/v2\/types\/post"}],"author":[{"embeddable":true,"href":"https:\/\/zonaroja.com.mx\/index.php?rest_route=\/wp\/v2\/users\/2"}],"replies":[{"embeddable":true,"href":"https:\/\/zonaroja.com.mx\/index.php?rest_route=%2Fwp%2Fv2%2Fcomments&post=12916"}],"version-history":[{"count":1,"href":"https:\/\/zonaroja.com.mx\/index.php?rest_route=\/wp\/v2\/posts\/12916\/revisions"}],"predecessor-version":[{"id":12918,"href":"https:\/\/zonaroja.com.mx\/index.php?rest_route=\/wp\/v2\/posts\/12916\/revisions\/12918"}],"wp:featuredmedia":[{"embeddable":true,"href":"https:\/\/zonaroja.com.mx\/index.php?rest_route=\/wp\/v2\/media\/12917"}],"wp:attachment":[{"href":"https:\/\/zonaroja.com.mx\/index.php?rest_route=%2Fwp%2Fv2%2Fmedia&parent=12916"}],"wp:term":[{"taxonomy":"category","embeddable":true,"href":"https:\/\/zonaroja.com.mx\/index.php?rest_route=%2Fwp%2Fv2%2Fcategories&post=12916"},{"taxonomy":"post_tag","embeddable":true,"href":"https:\/\/zonaroja.com.mx\/index.php?rest_route=%2Fwp%2Fv2%2Ftags&post=12916"}],"curies":[{"name":"wp","href":"https:\/\/api.w.org\/{rel}","templated":true}]}}