{"id":12922,"date":"2020-05-26T21:59:06","date_gmt":"2020-05-27T02:59:06","guid":{"rendered":"http:\/\/www.zonaroja.com.mx\/?p=12922"},"modified":"2020-05-26T21:59:11","modified_gmt":"2020-05-27T02:59:11","slug":"registra-capital-de-oaxaca-21-de-los-39-casos-de-covid-reportados-hoy","status":"publish","type":"post","link":"https:\/\/zonaroja.com.mx\/?p=12922","title":{"rendered":"Registra capital de Oaxaca 21 de los 39 casos de Covid reportados hoy"},"content":{"rendered":"\n<p>Redacci\u00f3n\/Zona\nRoja.<\/p>\n\n\n\n<p>Oaxaca de\nJu\u00e1rez, Oax. 26 de mayo de 2020.- Al corte de este martes 26 de mayo, en Oaxaca\nse han registrado 39 casos positivos a Covid-19, que suman mil 109 en todo el\nestado, y ocho decesos m\u00e1s, que suman 115 defunciones.<\/p>\n\n\n\n<p>Asimismo,\nactualmente existen 352 casos activos del nuevo virus, siendo las jurisdicciones\nSanitarias de Valles Centrales, Tuxtepec y Mixteca las m\u00e1s afectadas.<\/p>\n\n\n\n<p>La\ndependencia Servicios de Salud de Oaxaca mencion\u00f3 que los 39 casos nuevos se\nencuentran distribuidos en 15 municipios, de los cuales Oaxaca de Ju\u00e1rez\nregistra 21, Santa Cruz Xoxocotl\u00e1n y Santa Lucia del Camino tres cada uno,\nOcotl\u00e1n de Morelos dos, entre otros.<\/p>\n\n\n\n<p>Refiri\u00f3 que del total de los casos positivos, 757 se encuentran en la Jurisdicci\u00f3n Sanitaria de Valles Centrales, 81 en el Istmo, 115 en Tuxtepec, 52 en la Costa, 76 en la Mixteca y 28 en la Sierra Norte.<\/p>\n\n\n\n<figure class=\"wp-block-image\"><img decoding=\"async\" width=\"1024\" height=\"572\" src=\"http:\/\/www.zonaroja.com.mx\/wp-content\/uploads\/2020\/05\/SSO-2-7-1024x572.jpeg\" alt=\"\" class=\"wp-image-12924\" srcset=\"https:\/\/zonaroja.com.mx\/wp-content\/uploads\/2020\/05\/SSO-2-7-1024x572.jpeg 1024w, https:\/\/zonaroja.com.mx\/wp-content\/uploads\/2020\/05\/SSO-2-7-300x168.jpeg 300w, https:\/\/zonaroja.com.mx\/wp-content\/uploads\/2020\/05\/SSO-2-7-768x429.jpeg 768w, https:\/\/zonaroja.com.mx\/wp-content\/uploads\/2020\/05\/SSO-2-7-1170x654.jpeg 1170w, https:\/\/zonaroja.com.mx\/wp-content\/uploads\/2020\/05\/SSO-2-7-585x327.jpeg 585w, https:\/\/zonaroja.com.mx\/wp-content\/uploads\/2020\/05\/SSO-2-7.jpeg 1280w\" sizes=\"(max-width: 1024px) 100vw, 1024px\" \/><\/figure>\n\n\n\n<p>Dijo que\nde los mil 109 casos confirmados por grupo de edad, 493 corresponden al de 25 a\n44 a\u00f1os; seguido de 191 en 50 a 59; posteriormente 149 de 65 y m\u00e1s a\u00f1os; 130 de\n45 a 49, y 67 de 60 a 64 a\u00f1os. De estos, 352 casos est\u00e1n en aislamiento, y 642\nrecuperados.<\/p>\n\n\n\n<p>De los\ncasos confirmados, hay 252 en el personal del sector salud, de los cuales 99\nson m\u00e9dicos, 124 de enfermer\u00eda y 29 de otros trabajadores de salud.<\/p>\n\n\n\n<p>Mencion\u00f3\nque de los 352 casos activos, la Jurisdicci\u00f3n Sanitaria uno Valles Centrales\npresenta 257, seguido de Tuxtepec con 37, la Mixteca con 26, Sierra Norte con\n13, Istmo con 10 y la Costa con 9.<\/p>\n\n\n\n<p>De las\n115 defunciones, 73 fueron varones y 42 mujeres; el grupo de edad m\u00e1s afectado\nes en el grupo de 65 y m\u00e1s a\u00f1os con 51; 23 de 50 a 59; 15 de 25 a 44; 13 de 60\na 64, y 10 de 45 a 49 a\u00f1os, siendo la diabetes, hipertensi\u00f3n arterial,\nobesidad, insuficiencia renal, EPOC e inmunosupresi\u00f3n las comorbilidades\nasociada.<\/p>\n","protected":false},"excerpt":{"rendered":"<p>Redacci\u00f3n\/Zona Roja. Oaxaca de Ju\u00e1rez, Oax. 26 de mayo de 2020.- Al corte de este&hellip;<\/p>\n","protected":false},"author":2,"featured_media":12923,"comment_status":"closed","ping_status":"open","sticky":false,"template":"","format":"standard","meta":{"_lmt_disableupdate":"","_lmt_disable":"","_jetpack_memberships_contains_paid_content":false,"footnotes":""},"categories":[109,47],"tags":[1512],"class_list":["post-12922","post","type-post","status-publish","format-standard","has-post-thumbnail","hentry","category-minuto-a-minuto","category-zona-gris","tag-coronavirus-oaxaca"],"jetpack_featured_media_url":"https:\/\/zonaroja.com.mx\/wp-content\/uploads\/2020\/05\/SSO-1-8.jpeg","jetpack_sharing_enabled":true,"_links":{"self":[{"href":"https:\/\/zonaroja.com.mx\/index.php?rest_route=\/wp\/v2\/posts\/12922","targetHints":{"allow":["GET"]}}],"collection":[{"href":"https:\/\/zonaroja.com.mx\/index.php?rest_route=\/wp\/v2\/posts"}],"about":[{"href":"https:\/\/zonaroja.com.mx\/index.php?rest_route=\/wp\/v2\/types\/post"}],"author":[{"embeddable":true,"href":"https:\/\/zonaroja.com.mx\/index.php?rest_route=\/wp\/v2\/users\/2"}],"replies":[{"embeddable":true,"href":"https:\/\/zonaroja.com.mx\/index.php?rest_route=%2Fwp%2Fv2%2Fcomments&post=12922"}],"version-history":[{"count":1,"href":"https:\/\/zonaroja.com.mx\/index.php?rest_route=\/wp\/v2\/posts\/12922\/revisions"}],"predecessor-version":[{"id":12925,"href":"https:\/\/zonaroja.com.mx\/index.php?rest_route=\/wp\/v2\/posts\/12922\/revisions\/12925"}],"wp:featuredmedia":[{"embeddable":true,"href":"https:\/\/zonaroja.com.mx\/index.php?rest_route=\/wp\/v2\/media\/12923"}],"wp:attachment":[{"href":"https:\/\/zonaroja.com.mx\/index.php?rest_route=%2Fwp%2Fv2%2Fmedia&parent=12922"}],"wp:term":[{"taxonomy":"category","embeddable":true,"href":"https:\/\/zonaroja.com.mx\/index.php?rest_route=%2Fwp%2Fv2%2Fcategories&post=12922"},{"taxonomy":"post_tag","embeddable":true,"href":"https:\/\/zonaroja.com.mx\/index.php?rest_route=%2Fwp%2Fv2%2Ftags&post=12922"}],"curies":[{"name":"wp","href":"https:\/\/api.w.org\/{rel}","templated":true}]}}