{"id":12933,"date":"2020-05-27T08:02:08","date_gmt":"2020-05-27T13:02:08","guid":{"rendered":"http:\/\/www.zonaroja.com.mx\/?p=12933"},"modified":"2020-05-27T09:45:40","modified_gmt":"2020-05-27T14:45:40","slug":"identifican-a-los-4-ejecutados-a-balazos-ayer-en-oaxaca","status":"publish","type":"post","link":"https:\/\/zonaroja.com.mx\/?p=12933","title":{"rendered":"Identifican a los 4 ejecutados a balazos ayer en Oaxaca"},"content":{"rendered":"\n<p>Redacci\u00f3n\/Zona\nRoja.<\/p>\n\n\n\n<p>Oaxaca de\nJu\u00e1rez, Oax., 27 de mayo de 2020.- Como Naomi Itandehui M. B., de 23 a\u00f1os,\ntrabajadora del bar \u201cLas mariposas\u201d; Ulises Jarqu\u00edn y Christian Eduardo C. D.,\nde 27 a\u00f1os de edad, fueron identificadas las personas asesinadas a balazos ayer\nen Zimatl\u00e1n de \u00c1lvarez, Oaxaca.<\/p>\n\n\n\n<p>Como se\ninform\u00f3, los tres fueron ultimados a balazos alrededor de las 13:00 horas en el\ninterior de un domicilio del barrio San Jos\u00e9; no obstante, hasta el momento no\nse conoce el m\u00f3vil del triple crimen.<\/p>\n\n\n\n<p>\u00danicamente\na trav\u00e9s de redes sociales, la Fiscal\u00eda General del Estado inform\u00f3 que dio\ninicio a la Carpeta de Investigaci\u00f3n 16792\/FVCE\/ZIMATLAN\/2020. La mujer\nultimada dej\u00f3 en la orfandad a un menor de cuatro a\u00f1os de edad; el lunes hab\u00eda\nsalido de su domicilio en Santa Cruz Xoxocotl\u00e1n rumbo a su centro de trabajo.<\/p>\n\n\n\n<p>Mientras\ntanto, el cuerpo decapitado hallado en jurisdicci\u00f3n del municipio El Barrio de\nla Soledad y la cabeza en el acceso principal a Mat\u00edas Romero Avenda\u00f1o, fue\nidentificado de manera preliminar como Eliezer N.; en este \u00faltimo sitio tambi\u00e9n\nfue hallado un presunto \u201cnarcomensaje\u201d.<\/p>\n\n\n\n<p>M\u00c1S\nHECHOS VIOLENTOS<\/p>\n\n\n\n<p>Mientras\ntanto, tambi\u00e9n este martes en Juchit\u00e1n de Zaragoza, se perpetr\u00f3 el robo a dos establecimientos\nde venta de tel\u00e9fonos celulares, uno ubicado en la avenida 16 de Septiembre\nesquina con Aldama, Centro.<\/p>\n\n\n\n<p>Con\nescasos minutos de diferencia, el otro ocurri\u00f3 en el local ubicado en la calle\n5 de Septiembre, esquina calle Efra\u00edn R. G\u00f3mez. En ambos hechos robaron m\u00e1s de\n130 tel\u00e9fonos, as\u00ed como dinero en efectivo; no hubo detenidos.<\/p>\n\n\n\n<p>Ayer en\nHuajuapan de Le\u00f3n, un hombre fue lesionado de bala en la calle Naranjos de la\ncolonia Santa Rosa, presuntamente tras un asalto, y fue trasladado a un\nhospital.<\/p>\n\n\n\n<p>Tambi\u00e9n\nen la cabecera municipal de Huajuapan, fue confirmado un robo con un monto\naproximado a un mill\u00f3n de pesos en cajeros autom\u00e1ticos de la Comisi\u00f3n Federal\nde Electricidad (CFE), por lo cual el servicio automatizado no se prest\u00f3 desde\nel pasado lunes.<\/p>\n","protected":false},"excerpt":{"rendered":"<p>Redacci\u00f3n\/Zona Roja. Oaxaca de Ju\u00e1rez, Oax., 27 de mayo de 2020.- Como Naomi Itandehui M.&hellip;<\/p>\n","protected":false},"author":2,"featured_media":12934,"comment_status":"closed","ping_status":"open","sticky":false,"template":"","format":"standard","meta":{"_lmt_disableupdate":"","_lmt_disable":"","_jetpack_memberships_contains_paid_content":false,"footnotes":""},"categories":[109,51],"tags":[1721],"class_list":["post-12933","post","type-post","status-publish","format-standard","has-post-thumbnail","hentry","category-minuto-a-minuto","category-zona-roja","tag-ejecutados-zimatlan-de-alvarez"],"jetpack_featured_media_url":"https:\/\/zonaroja.com.mx\/wp-content\/uploads\/2020\/05\/3713249d-659a-4e7f-b7c1-40b53e489101.jpg","jetpack_sharing_enabled":true,"_links":{"self":[{"href":"https:\/\/zonaroja.com.mx\/index.php?rest_route=\/wp\/v2\/posts\/12933","targetHints":{"allow":["GET"]}}],"collection":[{"href":"https:\/\/zonaroja.com.mx\/index.php?rest_route=\/wp\/v2\/posts"}],"about":[{"href":"https:\/\/zonaroja.com.mx\/index.php?rest_route=\/wp\/v2\/types\/post"}],"author":[{"embeddable":true,"href":"https:\/\/zonaroja.com.mx\/index.php?rest_route=\/wp\/v2\/users\/2"}],"replies":[{"embeddable":true,"href":"https:\/\/zonaroja.com.mx\/index.php?rest_route=%2Fwp%2Fv2%2Fcomments&post=12933"}],"version-history":[{"count":1,"href":"https:\/\/zonaroja.com.mx\/index.php?rest_route=\/wp\/v2\/posts\/12933\/revisions"}],"predecessor-version":[{"id":12935,"href":"https:\/\/zonaroja.com.mx\/index.php?rest_route=\/wp\/v2\/posts\/12933\/revisions\/12935"}],"wp:featuredmedia":[{"embeddable":true,"href":"https:\/\/zonaroja.com.mx\/index.php?rest_route=\/wp\/v2\/media\/12934"}],"wp:attachment":[{"href":"https:\/\/zonaroja.com.mx\/index.php?rest_route=%2Fwp%2Fv2%2Fmedia&parent=12933"}],"wp:term":[{"taxonomy":"category","embeddable":true,"href":"https:\/\/zonaroja.com.mx\/index.php?rest_route=%2Fwp%2Fv2%2Fcategories&post=12933"},{"taxonomy":"post_tag","embeddable":true,"href":"https:\/\/zonaroja.com.mx\/index.php?rest_route=%2Fwp%2Fv2%2Ftags&post=12933"}],"curies":[{"name":"wp","href":"https:\/\/api.w.org\/{rel}","templated":true}]}}