{"id":12940,"date":"2020-05-27T11:13:08","date_gmt":"2020-05-27T16:13:08","guid":{"rendered":"http:\/\/www.zonaroja.com.mx\/?p=12940"},"modified":"2020-05-27T11:13:13","modified_gmt":"2020-05-27T16:13:13","slug":"la-jornada-tv-azteca-y-televisa-favoritos-de-amlo-en-publicidad","status":"publish","type":"post","link":"https:\/\/zonaroja.com.mx\/?p=12940","title":{"rendered":"\u201cLa Jornada\u201d, Tv Azteca y Televisa, favoritos de AMLO en publicidad"},"content":{"rendered":"\n<p>\u201cLa\nJornada\u201d, Tv Azteca y Televisa, favoritos de AMLO en publicidad<\/p>\n\n\n\n<p>REFORMA<\/p>\n\n\n\n<p>Ciudad de\nM\u00e9xico, 27 de mayo de 2020.- El gobierno federal concentr\u00f3 en 2019 en tres\nmedios la tercera parte de su gasto en publicidad: TV Azteca, Televisa y el\nperi\u00f3dico \u201cLa Jornada\u201d.<\/p>\n\n\n\n<p>El diario\n\u201cReforma\u201d public\u00f3 hoy que seg\u00fan datos presentados por la organizaci\u00f3n Art\u00edculo\n19, en 2018 la administraci\u00f3n federal ejerci\u00f3 10 mil 725 millones de pesos en\npublicidad oficial, mientras que en 2019 ese rubro se redujo casi en 85 por\nciento, a s\u00f3lo mil 550 millones de pesos ejercidos, preliminarmente.<\/p>\n\n\n\n<p>Pese a\nello, en su informe anual, la organizaci\u00f3n enfatiz\u00f3 que contin\u00faa la\nconcentraci\u00f3n del gasto con criterios opacos, refiere \u201cReforma\u201d.<\/p>\n\n\n\n<p>\u00ab(No\nsabemos) por qu\u00e9 los medios de comunicaci\u00f3n beneficiados con un 30 por ciento\ndel gasto total de comunicaci\u00f3n fueron Estudios Azteca, que recibi\u00f3 el 10.87\npor ciento; o Televisa, el 10.84 por ciento, y La Jornada un 8.03 por\nciento\u00bb, cuestion\u00f3 Ana Cristina Ruelas, directora para M\u00e9xico.<\/p>\n\n\n\n<p>Los datos\nque Art\u00edculo 19 obtuvo de la Secretar\u00eda de Hacienda refieren que Estudios\nAzteca se benefici\u00f3 con 168 millones 557 mil 915.63 pesos; Televisa con 167\nmillones 988 mil 63.93 pesos, y \u201cLa Jornada\u201d con 124 millones 446 mil 398.84\npesos, agrega la informaci\u00f3n de \u201cReforma\u201d.<\/p>\n\n\n\n<p>Peri\u00f3dicos\ncomo \u201cEl Universal\u201d y \u201cMilenio\u201d tuvieron 3.17 por ciento y 2.17 por ciento del\ngasto oficial. Grupo Imagen alcanz\u00f3 2.77 por ciento.<\/p>\n\n\n\n<p>Grupo\nReforma, seg\u00fan la estad\u00edstica de Art\u00edculo 19, tuvo 1.93 por ciento del total.<\/p>\n","protected":false},"excerpt":{"rendered":"<p>\u201cLa Jornada\u201d, Tv Azteca y Televisa, favoritos de AMLO en publicidad REFORMA Ciudad de M\u00e9xico,&hellip;<\/p>\n","protected":false},"author":2,"featured_media":12941,"comment_status":"closed","ping_status":"open","sticky":false,"template":"","format":"standard","meta":{"_lmt_disableupdate":"","_lmt_disable":"","_jetpack_memberships_contains_paid_content":false,"footnotes":""},"categories":[109,47],"tags":[1722],"class_list":["post-12940","post","type-post","status-publish","format-standard","has-post-thumbnail","hentry","category-minuto-a-minuto","category-zona-gris","tag-medios-de-comunicacion"],"jetpack_featured_media_url":"https:\/\/zonaroja.com.mx\/wp-content\/uploads\/2020\/05\/Medios-de-comunicai\u00f3n.jpg","jetpack_sharing_enabled":true,"_links":{"self":[{"href":"https:\/\/zonaroja.com.mx\/index.php?rest_route=\/wp\/v2\/posts\/12940","targetHints":{"allow":["GET"]}}],"collection":[{"href":"https:\/\/zonaroja.com.mx\/index.php?rest_route=\/wp\/v2\/posts"}],"about":[{"href":"https:\/\/zonaroja.com.mx\/index.php?rest_route=\/wp\/v2\/types\/post"}],"author":[{"embeddable":true,"href":"https:\/\/zonaroja.com.mx\/index.php?rest_route=\/wp\/v2\/users\/2"}],"replies":[{"embeddable":true,"href":"https:\/\/zonaroja.com.mx\/index.php?rest_route=%2Fwp%2Fv2%2Fcomments&post=12940"}],"version-history":[{"count":1,"href":"https:\/\/zonaroja.com.mx\/index.php?rest_route=\/wp\/v2\/posts\/12940\/revisions"}],"predecessor-version":[{"id":12942,"href":"https:\/\/zonaroja.com.mx\/index.php?rest_route=\/wp\/v2\/posts\/12940\/revisions\/12942"}],"wp:featuredmedia":[{"embeddable":true,"href":"https:\/\/zonaroja.com.mx\/index.php?rest_route=\/wp\/v2\/media\/12941"}],"wp:attachment":[{"href":"https:\/\/zonaroja.com.mx\/index.php?rest_route=%2Fwp%2Fv2%2Fmedia&parent=12940"}],"wp:term":[{"taxonomy":"category","embeddable":true,"href":"https:\/\/zonaroja.com.mx\/index.php?rest_route=%2Fwp%2Fv2%2Fcategories&post=12940"},{"taxonomy":"post_tag","embeddable":true,"href":"https:\/\/zonaroja.com.mx\/index.php?rest_route=%2Fwp%2Fv2%2Ftags&post=12940"}],"curies":[{"name":"wp","href":"https:\/\/api.w.org\/{rel}","templated":true}]}}