{"id":12943,"date":"2020-05-27T11:29:44","date_gmt":"2020-05-27T16:29:44","guid":{"rendered":"http:\/\/www.zonaroja.com.mx\/?p=12943"},"modified":"2020-05-27T11:29:47","modified_gmt":"2020-05-27T16:29:47","slug":"negligencia-en-sso-deja-sin-atencion-medica-a-paciente-con-sintomas-de-covid-19","status":"publish","type":"post","link":"https:\/\/zonaroja.com.mx\/?p=12943","title":{"rendered":"Negligencia en SSO deja sin atenci\u00f3n m\u00e9dica a paciente con s\u00edntomas de Covid 19"},"content":{"rendered":"\n<p>Evlin\nArag\u00f3n\/Zona Roja.<\/p>\n\n\n\n<p>Oaxaca de Ju\u00e1rez, Oax., 27 de mayo de 2020.- Dos d\u00edas de peregrinar por cl\u00ednicas y hospitales de los Valles Centrales de Oaxaca no fueron suficientes para que un paciente de la tercera edad, originario de San Antonino Castillo Velasco y con s\u00edntomas de Covid-19, fuera atendido en los nosocomios que los Servicios de Salud ha anunciado como especiales para la atenci\u00f3n de casos en esta contingencia sanitaria.<\/p>\n\n\n\n<p>No bast\u00f3\nque la persona enferma fuera a bordo de una ambulancia, que su hijo \u2013quien\nrelato el caso- sea m\u00e9dico, que contaran con la referencia de un hospital\nprimero y luego una cl\u00ednica para recibir atenci\u00f3n especializada; mucho menos\nque ya presentara graves complicaciones respiratorias. <\/p>\n\n\n\n<p>Nada de\neso fue suficiente, ni las influencias a las que recurrieron al interior del\ngremio m\u00e9dico. La respuesta siempre fue negativa.&nbsp;&nbsp; <\/p>\n\n\n\n<p>Es la\nhistoria de Emanuel Bernardo S\u00e1nchez Aguilar, m\u00e9dico pasante que durante todo\nel fin de semana pasado busc\u00f3 sin \u00e9xito la atenci\u00f3n m\u00e9dica para su se\u00f1or padre,\ntop\u00e1ndose con un sin fin de trabas que pusieron en riesgo la vida del paciente\nque ya presentaba complicaciones importantes de salud.<\/p>\n\n\n\n<p>\u201cGracias\na una de mis compa\u00f1eras, m\u00e9dico pasante tambi\u00e9n que se comunic\u00f3 con un familiar\nen el Centro Urbano 1, pudimos tener una segunda referencia aunque tampoco\nsirvi\u00f3 para conseguir la atenci\u00f3n m\u00e9dica, valoro mucho el apoyo que tuve de mis\ncolegas\u201d, refiri\u00f3 en entrevista para \u201cObjetivo Oaxaca\u201d, en donde relato una vez\nm\u00e1s todo lo que hizo para recibir atenci\u00f3n m\u00e9dica, sin \u00e9xito ante la negativa\nde los nosocomios.<\/p>\n\n\n\n<p>Las declaraciones\nque a nivel nacional han realizado las autoridades estatales en torno a la\nexistencia de camas disponibles y hospitales habilitados con personal y equipo\npara la atenci\u00f3n especializada a los pacientes con complicaciones respiratorias\nderivadas del Covid-19, se vino abajo con un solo caso que se difundi\u00f3 a trav\u00e9s\nde las redes sociales.<\/p>\n\n\n\n<p>Y es que\nde acuerdo el joven m\u00e9dico, la atenci\u00f3n del paciente ha sido de forma personal\ny con sus propios recursos, incluyendo la aplicaci\u00f3n del ox\u00edgeno que se\nrequer\u00eda de forma urgente, ello sin dejar de nombrar el apoyo invaluable de sus\ncolegas, ya que en los Servicios de Salud no fue posible.<\/p>\n\n\n\n<p>\u201cTodos\nlos medicamentos, suministros e insumos que ahorita le estamos proporcionando\nson gracias a mis compa\u00f1eros de generaci\u00f3n a mis hermanos m\u00e9dicos pasantes que\nno me abandonaron y sobre todo gracias a una colecta de fondos que realizaron\npara la compra del tanque de ox\u00edgeno\u00bb, manifest\u00f3.<\/p>\n\n\n\n<p>Emanuel\nBernardo no quisiera que su historia se repita, por lo que hizo un llamado\nrespetuoso a la ciudadan\u00eda para que se cuide y evite la angustia y el\nsufrimiento por el que tuvo que pasar este fin de semana, ya que asegur\u00f3 \u201cuna\ncosa es la que dicen las autoridades y otra muy distinta la realidad\u201d.<\/p>\n\n\n\n<p>Esta\nsemana ha causado alerta la situaci\u00f3n que se viven en el municipio de San\nAntonino Castillo Velasco, donde las autoridades de los Servicios de Salud han\nconfirmado 13 casos de Covid-19, sin embargo, la poblaci\u00f3n ha denunciado en\ndiferentes medios de comunicaci\u00f3n que existen m\u00e1s e incluso refieren por lo\nmenos 16 fallecimientos, cifra muy por encima de lo que reportan las autoridades.<\/p>\n\n\n\n<p>As\u00ed mismo\neste martes circularon las im\u00e1genes de un hombre adulto que falleci\u00f3 en plena\ncalle, mientras emprend\u00eda camino para buscar ayuda m\u00e9dica.<\/p>\n\n\n\n<p>Sin\nembargo, los filtros instalados en las comunidades vecinas impidieron su paso y\nquedo tendido sin vida en el asfalto, presuntamente a consecuencia de las\ncomplicaciones que le gener\u00f3 el virus.<\/p>\n","protected":false},"excerpt":{"rendered":"<p>Evlin Arag\u00f3n\/Zona Roja. Oaxaca de Ju\u00e1rez, Oax., 27 de mayo de 2020.- Dos d\u00edas de&hellip;<\/p>\n","protected":false},"author":2,"featured_media":12944,"comment_status":"closed","ping_status":"open","sticky":false,"template":"","format":"standard","meta":{"_lmt_disableupdate":"","_lmt_disable":"","_jetpack_memberships_contains_paid_content":false,"footnotes":""},"categories":[109,47],"tags":[1512],"class_list":["post-12943","post","type-post","status-publish","format-standard","has-post-thumbnail","hentry","category-minuto-a-minuto","category-zona-gris","tag-coronavirus-oaxaca"],"jetpack_featured_media_url":"https:\/\/zonaroja.com.mx\/wp-content\/uploads\/2020\/05\/Paciente-Covid.jpg","jetpack_sharing_enabled":true,"_links":{"self":[{"href":"https:\/\/zonaroja.com.mx\/index.php?rest_route=\/wp\/v2\/posts\/12943","targetHints":{"allow":["GET"]}}],"collection":[{"href":"https:\/\/zonaroja.com.mx\/index.php?rest_route=\/wp\/v2\/posts"}],"about":[{"href":"https:\/\/zonaroja.com.mx\/index.php?rest_route=\/wp\/v2\/types\/post"}],"author":[{"embeddable":true,"href":"https:\/\/zonaroja.com.mx\/index.php?rest_route=\/wp\/v2\/users\/2"}],"replies":[{"embeddable":true,"href":"https:\/\/zonaroja.com.mx\/index.php?rest_route=%2Fwp%2Fv2%2Fcomments&post=12943"}],"version-history":[{"count":1,"href":"https:\/\/zonaroja.com.mx\/index.php?rest_route=\/wp\/v2\/posts\/12943\/revisions"}],"predecessor-version":[{"id":12945,"href":"https:\/\/zonaroja.com.mx\/index.php?rest_route=\/wp\/v2\/posts\/12943\/revisions\/12945"}],"wp:featuredmedia":[{"embeddable":true,"href":"https:\/\/zonaroja.com.mx\/index.php?rest_route=\/wp\/v2\/media\/12944"}],"wp:attachment":[{"href":"https:\/\/zonaroja.com.mx\/index.php?rest_route=%2Fwp%2Fv2%2Fmedia&parent=12943"}],"wp:term":[{"taxonomy":"category","embeddable":true,"href":"https:\/\/zonaroja.com.mx\/index.php?rest_route=%2Fwp%2Fv2%2Fcategories&post=12943"},{"taxonomy":"post_tag","embeddable":true,"href":"https:\/\/zonaroja.com.mx\/index.php?rest_route=%2Fwp%2Fv2%2Ftags&post=12943"}],"curies":[{"name":"wp","href":"https:\/\/api.w.org\/{rel}","templated":true}]}}