{"id":12946,"date":"2020-05-27T15:02:56","date_gmt":"2020-05-27T20:02:56","guid":{"rendered":"http:\/\/www.zonaroja.com.mx\/?p=12946"},"modified":"2020-05-27T15:03:00","modified_gmt":"2020-05-27T20:03:00","slug":"ademas-de-covid-19-robos-en-mercado-de-abasto-ante-nula-seguridad","status":"publish","type":"post","link":"https:\/\/zonaroja.com.mx\/?p=12946","title":{"rendered":"Adem\u00e1s de Covid-19, robos en Mercado de Abasto ante nula seguridad"},"content":{"rendered":"\n<p>Yuridiana\nSosa\/Zona Roja.<\/p>\n\n\n\n<p>Oaxaca de\nJu\u00e1rez, Oax., 27 de mayo de 2020.- Adem\u00e1s de ser considerado un alto foco de\ninfecci\u00f3n por Covid-19, la Central de Abasto ha sido v\u00edctima de atracos a\nvarios locales, ante la nula vigilancia de la polic\u00eda municipal de Oaxaca de\nJu\u00e1rez.<\/p>\n\n\n\n<p>Comerciantes\ndel \u00e1rea de tianguis protestaron la ma\u00f1ana de hoy por la inseguridad en la\nzona, que dej\u00f3 como saldo el robo de mercanc\u00edas en al menos seis locales\ndurante la madrugada de este mi\u00e9rcoles.<\/p>\n\n\n\n<p>Los\nvendedores se manifestaron en la administraci\u00f3n de la central comercial para\nexigir a las autoridades municipales de la capital garant\u00edas en la seguridad\np\u00fablica para ausentarse de sus establecimientos, como se les requiri\u00f3 por la\ncontingencia.<\/p>\n\n\n\n<p>A trav\u00e9s\nde redes sociales y por parte de la seguridad privada contratada por los locatarios,\nlos afectados se enteraron del hecho delictivo, por lo que se organizaron para\nacudir a la administraci\u00f3n para tomar conocimiento de los hechos.<\/p>\n\n\n\n<p>Casualmente,\nindicaron, la noche de este martes los elementos de la Polic\u00eda Municipal que\nvigilan la zona no se presentaron. Mientras que esta ma\u00f1ana trabajadores del\nayuntamiento y la polic\u00eda les impide el ingreso para verificar el da\u00f1o es sus\nnegocios.<\/p>\n\n\n\n<p>Los\nlocatarios exigieron garant\u00edas para sus bienes, as\u00ed como la reparaci\u00f3n del da\u00f1o\nante la falta de seguridad por parte del gobierno municipal de Oswaldo Garc\u00eda\nJarqu\u00edn.<\/p>\n\n\n\n<p>En la\nzona afectada con los robos de esta madrugada existen cerca de 19 puertas que se\ndeben cerrara para cada, sin embargo, no todas funcionan completamente, por lo\nque tambi\u00e9n demandan su reparaci\u00f3n.<\/p>\n\n\n\n<p>ALTO\nCONTAGIO<\/p>\n\n\n\n<p>Desde el\npasado fin de semana, autoridades estatales y municipales reforzaron los\nfiltros de seguridad y sanidad en todo el contorno, adem\u00e1s de realizar\ncontinuas labores de sanitizaci\u00f3n.<\/p>\n\n\n\n<p>Asimismo,\nel ayuntamiento declar\u00f3 la zona como de alto contagio ante el nuevo\ncoronavirus, por lo cual restringi\u00f3 la apertura, por \u00e1reas, de los locales\ncomerciales.<\/p>\n\n\n\n<p>Eso ha\nprovocado que algunos se encuentren abandonados y en consecuencia, ante la nula\nvigilancia, sufran atracos de manera cotidiana.<\/p>\n","protected":false},"excerpt":{"rendered":"<p>Yuridiana Sosa\/Zona Roja. Oaxaca de Ju\u00e1rez, Oax., 27 de mayo de 2020.- Adem\u00e1s de ser&hellip;<\/p>\n","protected":false},"author":2,"featured_media":12947,"comment_status":"closed","ping_status":"open","sticky":false,"template":"","format":"standard","meta":{"_lmt_disableupdate":"","_lmt_disable":"","_jetpack_memberships_contains_paid_content":false,"footnotes":""},"categories":[109,47],"tags":[148],"class_list":["post-12946","post","type-post","status-publish","format-standard","has-post-thumbnail","hentry","category-minuto-a-minuto","category-zona-gris","tag-oaxaca-de-juarez"],"jetpack_featured_media_url":"https:\/\/zonaroja.com.mx\/wp-content\/uploads\/2020\/05\/Robos-Mercado-de-Abasto-2.jpg","jetpack_sharing_enabled":true,"_links":{"self":[{"href":"https:\/\/zonaroja.com.mx\/index.php?rest_route=\/wp\/v2\/posts\/12946","targetHints":{"allow":["GET"]}}],"collection":[{"href":"https:\/\/zonaroja.com.mx\/index.php?rest_route=\/wp\/v2\/posts"}],"about":[{"href":"https:\/\/zonaroja.com.mx\/index.php?rest_route=\/wp\/v2\/types\/post"}],"author":[{"embeddable":true,"href":"https:\/\/zonaroja.com.mx\/index.php?rest_route=\/wp\/v2\/users\/2"}],"replies":[{"embeddable":true,"href":"https:\/\/zonaroja.com.mx\/index.php?rest_route=%2Fwp%2Fv2%2Fcomments&post=12946"}],"version-history":[{"count":1,"href":"https:\/\/zonaroja.com.mx\/index.php?rest_route=\/wp\/v2\/posts\/12946\/revisions"}],"predecessor-version":[{"id":12948,"href":"https:\/\/zonaroja.com.mx\/index.php?rest_route=\/wp\/v2\/posts\/12946\/revisions\/12948"}],"wp:featuredmedia":[{"embeddable":true,"href":"https:\/\/zonaroja.com.mx\/index.php?rest_route=\/wp\/v2\/media\/12947"}],"wp:attachment":[{"href":"https:\/\/zonaroja.com.mx\/index.php?rest_route=%2Fwp%2Fv2%2Fmedia&parent=12946"}],"wp:term":[{"taxonomy":"category","embeddable":true,"href":"https:\/\/zonaroja.com.mx\/index.php?rest_route=%2Fwp%2Fv2%2Fcategories&post=12946"},{"taxonomy":"post_tag","embeddable":true,"href":"https:\/\/zonaroja.com.mx\/index.php?rest_route=%2Fwp%2Fv2%2Ftags&post=12946"}],"curies":[{"name":"wp","href":"https:\/\/api.w.org\/{rel}","templated":true}]}}