{"id":12949,"date":"2020-05-27T15:36:49","date_gmt":"2020-05-27T20:36:49","guid":{"rendered":"http:\/\/www.zonaroja.com.mx\/?p=12949"},"modified":"2020-05-27T15:36:53","modified_gmt":"2020-05-27T20:36:53","slug":"acusan-a-gobierno-capitalino-de-violentar-derechos-de-las-mujeres","status":"publish","type":"post","link":"https:\/\/zonaroja.com.mx\/?p=12949","title":{"rendered":"Acusan a gobierno capitalino de violentar derechos de las mujeres"},"content":{"rendered":"\n<p>Evlin\nArag\u00f3n\/Zona Roja.<\/p>\n\n\n\n<p>Oaxaca de\nJu\u00e1rez, Oax., 27 de mayo de 2020.- Colectivos y activistas feministas demandaron\nla cancelaci\u00f3n de la conferencia \u201cPreservar la vida, la m\u00e1xima necesidad en\neste tiempo\u201d, que promueve el edil de Oaxaca de Ju\u00e1rez, Oswaldo Garc\u00eda Jarqu\u00edn,\ndesde el Instituto Municipal de las Mujeres, y la cual aseguran atenta contra\nlos derechos de las mujeres ya que presenta un sesgo religioso y fan\u00e1tico.<\/p>\n\n\n\n<p>\u201cExigimos\nla cancelaci\u00f3n de este evento en donde no s\u00f3lo se promueve y atenta contra los\nderechos de las ni\u00f1as y mujeres en Oaxaca, sino que siguen perpetuando los\nlazos desde Estado e iglesia\u201d, refiere el colectivo Feministas Oaxaca a trav\u00e9s\nde su p\u00e1gina de Facebook.<\/p>\n\n\n\n<p>De\nacuerdo con las integrantes del colectivo, es inadmisible que se sigan\nreplicando las violencias en contra de los derechos de las mujeres en Oaxaca\ncon este tipo de eventos antiderechos y religiosos, teniendo como ponentes a\nEstefan\u00eda Ricci y Adriana J\u00e1uregui, quienes estuvieron y est\u00e1n en contra de la\ndespenalizaci\u00f3n del aborto en Oaxaca, que ya es ley.<\/p>\n\n\n\n<p>En este\nmismo sentido y a trav\u00e9s de un comunicado con las firmas de decenas de\ncolectivos y activistas a t\u00edtulo personal, exigieron que las instituciones que\npromueven los derechos de las mujeres financiadas con recursos p\u00fablicos no sean\nutilizadas para fines proselitistas, partidistas, religiosos ni para promover\nopiniones personales, ya que pone en cuestionamiento la autenticidad de su\ncompromiso con las tem\u00e1ticas de g\u00e9nero y feministas, o el uso que a estas se\nles dan para lograr fines pol\u00edticos.<\/p>\n\n\n\n<p>\u00abLa\nactividad programada con Estefan\u00eda Ricci y Adriana J\u00e1uregui es a todas luces\nuna acci\u00f3n con sesgo religioso y fan\u00e1tico por lo que: exigimos su cancelaci\u00f3n\ninmediata\u00bb, refiere el documento.<\/p>\n\n\n\n<p>Evidenciaron\nque fue la presidenta del DIF Municipal de Oaxaca de Ju\u00e1rez, Patricia Benfield,\nquien hizo un par de comentarios inapropiados tales como que \u201cOaxaca es\nprovida\u201d y \u201cEl presidente es provida\u201d refiri\u00e9ndose al edil Oswaldo Garc\u00eda\nJarqu\u00edn, quien es su esposo, ello en el marco de la conferencia virtual\n\u201cDerechos de las Mujeres; derecho a decidir, por una maternidad libre y segura\u201d\nque ofreci\u00f3 la Senadora Citlalli Hern\u00e1ndez Mora, el pasado 22 de mayo.<\/p>\n\n\n\n<p>Raz\u00f3n por\nla que hicieron un llamado a quien de manera honoraria representa el DIF\nmunicipal a que en lo sucesivo deje de disponer de las instancias de las\nmujeres y sus recursos para promover sus dogmas de fe y deje de manifestarse a\nnombre de la ciudadan\u00eda oaxaque\u00f1a y mucho menos de las mujeres.<\/p>\n\n\n\n<p>Explicaron\nque la Constituci\u00f3n Pol\u00edtica de los Estados Unidos Mexicanos establece en su\nart\u00edculo 130 el principio hist\u00f3rico de la separaci\u00f3n del Estado y la iglesia,\npor lo que los gobiernos de todos los niveles deben evitar la injerencia de\nideas o preceptos religiosos que atenten contra los derechos humanos y los\nderechos de las mujeres.<\/p>\n\n\n\n<p>\u201cLas\nmujeres oaxaque\u00f1as no nos vamos a quedar calladas. En este estado nuestro\nderecho a decidir ya no est\u00e1 en debate. No a conferencias ni eventos\nanti-derechos pagados con nuestros impuestos\u201d, expresaron.<\/p>\n\n\n\n<p>Recordaron\nque fue el pasado 25 de septiembre que el estado de Oaxaca hizo historia al\ndespenalizar la interrupci\u00f3n del embarazo hasta la semana 12, cubriendo una\ndeuda hist\u00f3rica que ten\u00eda con los derechos sexuales y reproductivos de las\nmujeres oaxaque\u00f1as.<\/p>\n\n\n\n<p>Sin\nembargo, previamente fueron las dos ponentes de la conferencia programada para\neste d\u00eda, Estefan\u00eda Ricci y Adriana J\u00e1uregui quienes encabezaron los grupos\ndenominados pro-vida, que alterando el orden al interior del Congreso local\nintentaron impedir la votaci\u00f3n. <\/p>\n\n\n\n<p>\u201cCon\ninsultos y agresiones condenaron a las mujeres feministas que por a\u00f1os hemos\nluchado por el reconocimiento y respeto al derecho a decidir sobre nuestro\ncuerpo\u201d, refiere el documento.<\/p>\n","protected":false},"excerpt":{"rendered":"<p>Evlin Arag\u00f3n\/Zona Roja. Oaxaca de Ju\u00e1rez, Oax., 27 de mayo de 2020.- Colectivos y activistas&hellip;<\/p>\n","protected":false},"author":2,"featured_media":12950,"comment_status":"closed","ping_status":"open","sticky":false,"template":"","format":"standard","meta":{"_lmt_disableupdate":"","_lmt_disable":"","_jetpack_memberships_contains_paid_content":false,"footnotes":""},"categories":[109,47],"tags":[148],"class_list":["post-12949","post","type-post","status-publish","format-standard","has-post-thumbnail","hentry","category-minuto-a-minuto","category-zona-gris","tag-oaxaca-de-juarez"],"jetpack_featured_media_url":"https:\/\/zonaroja.com.mx\/wp-content\/uploads\/2020\/05\/IMG_3985.jpg","jetpack_sharing_enabled":true,"_links":{"self":[{"href":"https:\/\/zonaroja.com.mx\/index.php?rest_route=\/wp\/v2\/posts\/12949","targetHints":{"allow":["GET"]}}],"collection":[{"href":"https:\/\/zonaroja.com.mx\/index.php?rest_route=\/wp\/v2\/posts"}],"about":[{"href":"https:\/\/zonaroja.com.mx\/index.php?rest_route=\/wp\/v2\/types\/post"}],"author":[{"embeddable":true,"href":"https:\/\/zonaroja.com.mx\/index.php?rest_route=\/wp\/v2\/users\/2"}],"replies":[{"embeddable":true,"href":"https:\/\/zonaroja.com.mx\/index.php?rest_route=%2Fwp%2Fv2%2Fcomments&post=12949"}],"version-history":[{"count":1,"href":"https:\/\/zonaroja.com.mx\/index.php?rest_route=\/wp\/v2\/posts\/12949\/revisions"}],"predecessor-version":[{"id":12951,"href":"https:\/\/zonaroja.com.mx\/index.php?rest_route=\/wp\/v2\/posts\/12949\/revisions\/12951"}],"wp:featuredmedia":[{"embeddable":true,"href":"https:\/\/zonaroja.com.mx\/index.php?rest_route=\/wp\/v2\/media\/12950"}],"wp:attachment":[{"href":"https:\/\/zonaroja.com.mx\/index.php?rest_route=%2Fwp%2Fv2%2Fmedia&parent=12949"}],"wp:term":[{"taxonomy":"category","embeddable":true,"href":"https:\/\/zonaroja.com.mx\/index.php?rest_route=%2Fwp%2Fv2%2Fcategories&post=12949"},{"taxonomy":"post_tag","embeddable":true,"href":"https:\/\/zonaroja.com.mx\/index.php?rest_route=%2Fwp%2Fv2%2Ftags&post=12949"}],"curies":[{"name":"wp","href":"https:\/\/api.w.org\/{rel}","templated":true}]}}