{"id":12952,"date":"2020-05-27T16:25:02","date_gmt":"2020-05-27T21:25:02","guid":{"rendered":"http:\/\/www.zonaroja.com.mx\/?p=12952"},"modified":"2020-05-27T16:25:07","modified_gmt":"2020-05-27T21:25:07","slug":"tendran-diputados-de-oaxaca-sesion-extraordinaria-del-pleno-manana","status":"publish","type":"post","link":"https:\/\/zonaroja.com.mx\/?p=12952","title":{"rendered":"Tendr\u00e1n diputados de Oaxaca sesi\u00f3n extraordinaria del pleno, ma\u00f1ana"},"content":{"rendered":"\n<p>Redacci\u00f3n\/Zona\nRoja.<\/p>\n\n\n\n<p>Oaxaca de\nJu\u00e1rez, Oax. 27 de mayo de 2020.- En sesi\u00f3n ordinaria de este d\u00eda, la\nDiputaci\u00f3n Permanente del Congreso de Oaxaca aprob\u00f3 convocar para este jueves,\nel Pleno Legislativo, al primer y segundo Periodo Extraordinario de sesiones.<\/p>\n\n\n\n<p>Avalado\ncon cinco votos de los integrantes de la Mesa Directiva, se cit\u00f3 a los 42\nrepresentantes populares, a sesi\u00f3n para este 28 de mayo, a las 13:00 horas.<\/p>\n\n\n\n<p>En la\nasamblea legislativa, se tocar\u00e1n temas relacionados con dict\u00e1menes emitidos por\nlas Comisiones de R\u00e9gimen y Pr\u00e1cticas Parlamentarias, Equidad y G\u00e9nero,\nEstudios Constitucionales, de Pueblos Ind\u00edgenas y Afromexicanos, y de\nDemocracia y Participaci\u00f3n Ciudadana.<\/p>\n\n\n\n<p>Los\ndict\u00e1menes corresponden a reformas y adecuaciones a distintos ordenamientos\njur\u00eddicos en materia electoral, de equidad de g\u00e9nero, y pr\u00e1cticas\nparlamentarias, inform\u00f3 el Congreso local en un comunicado.<\/p>\n","protected":false},"excerpt":{"rendered":"<p>Redacci\u00f3n\/Zona Roja. Oaxaca de Ju\u00e1rez, Oax. 27 de mayo de 2020.- En sesi\u00f3n ordinaria de&hellip;<\/p>\n","protected":false},"author":2,"featured_media":12953,"comment_status":"closed","ping_status":"open","sticky":false,"template":"","format":"standard","meta":{"_lmt_disableupdate":"","_lmt_disable":"","_jetpack_memberships_contains_paid_content":false,"footnotes":""},"categories":[109,46],"tags":[213],"class_list":["post-12952","post","type-post","status-publish","format-standard","has-post-thumbnail","hentry","category-minuto-a-minuto","category-zona-blanca","tag-64-legislatura-de-oaxaca"],"jetpack_featured_media_url":"https:\/\/zonaroja.com.mx\/wp-content\/uploads\/2020\/05\/Diputaci\u00f3n-Permanente.jpg","jetpack_sharing_enabled":true,"_links":{"self":[{"href":"https:\/\/zonaroja.com.mx\/index.php?rest_route=\/wp\/v2\/posts\/12952","targetHints":{"allow":["GET"]}}],"collection":[{"href":"https:\/\/zonaroja.com.mx\/index.php?rest_route=\/wp\/v2\/posts"}],"about":[{"href":"https:\/\/zonaroja.com.mx\/index.php?rest_route=\/wp\/v2\/types\/post"}],"author":[{"embeddable":true,"href":"https:\/\/zonaroja.com.mx\/index.php?rest_route=\/wp\/v2\/users\/2"}],"replies":[{"embeddable":true,"href":"https:\/\/zonaroja.com.mx\/index.php?rest_route=%2Fwp%2Fv2%2Fcomments&post=12952"}],"version-history":[{"count":1,"href":"https:\/\/zonaroja.com.mx\/index.php?rest_route=\/wp\/v2\/posts\/12952\/revisions"}],"predecessor-version":[{"id":12954,"href":"https:\/\/zonaroja.com.mx\/index.php?rest_route=\/wp\/v2\/posts\/12952\/revisions\/12954"}],"wp:featuredmedia":[{"embeddable":true,"href":"https:\/\/zonaroja.com.mx\/index.php?rest_route=\/wp\/v2\/media\/12953"}],"wp:attachment":[{"href":"https:\/\/zonaroja.com.mx\/index.php?rest_route=%2Fwp%2Fv2%2Fmedia&parent=12952"}],"wp:term":[{"taxonomy":"category","embeddable":true,"href":"https:\/\/zonaroja.com.mx\/index.php?rest_route=%2Fwp%2Fv2%2Fcategories&post=12952"},{"taxonomy":"post_tag","embeddable":true,"href":"https:\/\/zonaroja.com.mx\/index.php?rest_route=%2Fwp%2Fv2%2Ftags&post=12952"}],"curies":[{"name":"wp","href":"https:\/\/api.w.org\/{rel}","templated":true}]}}