{"id":12961,"date":"2020-05-27T19:21:12","date_gmt":"2020-05-28T00:21:12","guid":{"rendered":"http:\/\/www.zonaroja.com.mx\/?p=12961"},"modified":"2020-06-05T07:43:51","modified_gmt":"2020-06-05T12:43:51","slug":"suma-oaxaca-tres-homicidios-hoy-uno-ejecutado-frente-a-fiscalia","status":"publish","type":"post","link":"https:\/\/zonaroja.com.mx\/?p=12961","title":{"rendered":"Suma Oaxaca tres homicidios hoy; uno ejecutado frente a Fiscal\u00eda"},"content":{"rendered":"\n<p>Ismael\nGarc\u00eda M.\/Zona Roja.<\/p>\n\n\n\n<p>Oaxaca de Ju\u00e1rez, Oax., 27 de mayo de 2020.- Tres homicidios han ocurrido este mi\u00e9rcoles en la regi\u00f3n Valles Centrales de Oaxaca, uno de ellos ocurrido por disparos de arma de fuego a unos metros del Instituto de Servicios Periciales de la Fiscal\u00eda General del Estado, en San Bartolo Coyotepec.<\/p>\n\n\n\n<p>En un\nlocal de renta de computadoras con internet, ubicado en el bulevar del Ni\u00f1o\nOaxaque\u00f1o, casi esquina con Aldama de ese municipio al sur de la capital, fue\nejecutado un individuo, por parte de sujetos que se dieron a la fuga.<\/p>\n\n\n\n<p>Hasta esta tarde la v\u00edctima no ha sido identificada y fue levantada de inmediato por personal de la Agencia Estatal de Investigaciones que, por en\u00e9sima ocasi\u00f3n, impidi\u00f3 labores de periodistas, entre ellos Ernesto Rojas Ayuzo y \u00c1lvaro Cuitl\u00e1huac L\u00f3pez Cruz, adem\u00e1s de agredirlos verbalmente. <\/p>\n\n\n\n<p>En diversas coberturas de hechos delictivos en la capital y zona coburbada, personal de la AEI, a cargo del ex funcionario de la Polic\u00eda Federal, Jos\u00e9 Alfredo \u00c1lvarez G\u00f3mez, ha hostigado a los comunicadores, a pesar de que \u00e9stos respetan los acordonamientos instalados para no alterar la escena del crimen.<\/p>\n\n\n\n<p>En la zona donde ocurri\u00f3 el crimen se localizan tambi\u00e9n el Hospital de la Ni\u00f1ez Oaxaque\u00f1a, el Hospital Regional de Alta Especialidad, la Fiscal\u00eda General de la Rep\u00fablica delegaci\u00f3n Oaxaca, el Consejo Estatal para la Prevenci\u00f3n del Sida y el edificio de tribunales del Poder Judicial de la Federaci\u00f3n.<\/p>\n\n\n\n<figure class=\"wp-block-embed-twitter wp-block-embed is-type-rich is-provider-twitter\"><div class=\"wp-block-embed__wrapper\">\n<div class=\"twitter-tweet\"><blockquote class=\"twitter-tweet\" data-lang=\"es\"><p lang=\"es\" dir=\"ltr\"><a href=\"https:\/\/twitter.com\/hashtag\/OaxacaRojo?src=hash&amp;ref_src=twsrc%5Etfw\">#OaxacaRojo<\/a><br>A unos pasos de una oficina de la <a href=\"https:\/\/twitter.com\/FISCALIA_GobOax?ref_src=twsrc%5Etfw\">@FISCALIA_GobOax<\/a>, en San Bartolo Coyotepec ejecutan a una persona del sexo masculino. Y de nuevo, elementos de la <a href=\"https:\/\/twitter.com\/AEI_Oaxaca?ref_src=twsrc%5Etfw\">@AEI_Oaxaca<\/a> impiden labor de la prensa en la cobertura. Periodistas piden al fiscal <a href=\"https:\/\/twitter.com\/RVasconcelosM?ref_src=twsrc%5Etfw\">@RVasconcelosM<\/a> capacite al personal. <a href=\"https:\/\/t.co\/vNc5mzv42Y\">pic.twitter.com\/vNc5mzv42Y<\/a><\/p>&mdash; Zona Roja Oaxaca (@MexRoja) <a href=\"https:\/\/twitter.com\/MexRoja\/status\/1265749282470137856?ref_src=twsrc%5Etfw\">27 de mayo de 2020<\/a><\/blockquote><\/div>\n<\/div><\/figure>\n\n\n\n<p>MUERTOS\nEN EL DE ABASTO<\/p>\n\n\n\n<p>Otras dos\npersonas fallecieron por causas desconocidas en inmediaciones de la Central de\nAbasto de la ciudad de Oaxaca de Ju\u00e1rez; se presuume que fue por Covid-19,\ndebido a que esa zona est\u00e1 considerada como de alta incidencia del virus, ante\nlas escasas medidas preventivas que toman comerciantes y usuarios.<\/p>\n\n\n\n<p>El primer\ncaso ocurri\u00f3 en la prolongaci\u00f3n de Nu\u00f1o del Mercado, casi esquina con\nPerif\u00e9rico; personal de la Fiscal\u00eda General acudi\u00f3 de inmediato y retir\u00f3 el\ncuerpo, con personal protegido para casos de atenci\u00f3n a pacientes con\ncoronavirus.<\/p>\n\n\n\n<p>El segundo deceso fue tambi\u00e9n en la ma\u00f1ana, en la calle de Cosijop\u00ed tambi\u00e9n en inmediaciones del Mercado de Abasto; las v\u00edctimas a\u00fan no han sido identificadas.<\/p>\n\n\n\n<figure class=\"wp-block-embed-twitter wp-block-embed is-type-rich is-provider-twitter\"><div class=\"wp-block-embed__wrapper\">\n<div class=\"twitter-tweet\"><blockquote class=\"twitter-tweet\" data-lang=\"es\"><p lang=\"es\" dir=\"ltr\"><a href=\"https:\/\/twitter.com\/hashtag\/%C3%9AltimoMinuto?src=hash&amp;ref_src=twsrc%5Etfw\">#\u00daltimoMinuto<\/a> <br>Dos personas sin vida, al parecer indigentes, fueron localizadas hoy en inmediaciones del Mercado de Abasto de la ciudad de Oaxaca; uno en prolongaci\u00f3n de Nu\u00f1o del Mercado y otro en la calle Cosijop\u00ed; sospechan que fue por Covid-19 pues la zona es de alto contagio. <a href=\"https:\/\/t.co\/6Yl6pO8YtT\">pic.twitter.com\/6Yl6pO8YtT<\/a><\/p>&mdash; Zona Roja Oaxaca (@MexRoja) <a href=\"https:\/\/twitter.com\/MexRoja\/status\/1265668408403787776?ref_src=twsrc%5Etfw\">27 de mayo de 2020<\/a><\/blockquote><\/div>\n<\/div><\/figure>\n","protected":false},"excerpt":{"rendered":"<p>Ismael Garc\u00eda M.\/Zona Roja. Oaxaca de Ju\u00e1rez, Oax., 27 de mayo de 2020.- Tres homicidios&hellip;<\/p>\n","protected":false},"author":2,"featured_media":12962,"comment_status":"closed","ping_status":"open","sticky":false,"template":"","format":"standard","meta":{"_lmt_disableupdate":"","_lmt_disable":"","_jetpack_memberships_contains_paid_content":false,"footnotes":""},"categories":[109,51],"tags":[1155],"class_list":["post-12961","post","type-post","status-publish","format-standard","has-post-thumbnail","hentry","category-minuto-a-minuto","category-zona-roja","tag-san-bartolo-coyotepec"],"jetpack_featured_media_url":"https:\/\/zonaroja.com.mx\/wp-content\/uploads\/2020\/05\/Ejecutado-San-Bartolo-Coyotepec.jpg","jetpack_sharing_enabled":true,"_links":{"self":[{"href":"https:\/\/zonaroja.com.mx\/index.php?rest_route=\/wp\/v2\/posts\/12961","targetHints":{"allow":["GET"]}}],"collection":[{"href":"https:\/\/zonaroja.com.mx\/index.php?rest_route=\/wp\/v2\/posts"}],"about":[{"href":"https:\/\/zonaroja.com.mx\/index.php?rest_route=\/wp\/v2\/types\/post"}],"author":[{"embeddable":true,"href":"https:\/\/zonaroja.com.mx\/index.php?rest_route=\/wp\/v2\/users\/2"}],"replies":[{"embeddable":true,"href":"https:\/\/zonaroja.com.mx\/index.php?rest_route=%2Fwp%2Fv2%2Fcomments&post=12961"}],"version-history":[{"count":2,"href":"https:\/\/zonaroja.com.mx\/index.php?rest_route=\/wp\/v2\/posts\/12961\/revisions"}],"predecessor-version":[{"id":13333,"href":"https:\/\/zonaroja.com.mx\/index.php?rest_route=\/wp\/v2\/posts\/12961\/revisions\/13333"}],"wp:featuredmedia":[{"embeddable":true,"href":"https:\/\/zonaroja.com.mx\/index.php?rest_route=\/wp\/v2\/media\/12962"}],"wp:attachment":[{"href":"https:\/\/zonaroja.com.mx\/index.php?rest_route=%2Fwp%2Fv2%2Fmedia&parent=12961"}],"wp:term":[{"taxonomy":"category","embeddable":true,"href":"https:\/\/zonaroja.com.mx\/index.php?rest_route=%2Fwp%2Fv2%2Fcategories&post=12961"},{"taxonomy":"post_tag","embeddable":true,"href":"https:\/\/zonaroja.com.mx\/index.php?rest_route=%2Fwp%2Fv2%2Ftags&post=12961"}],"curies":[{"name":"wp","href":"https:\/\/api.w.org\/{rel}","templated":true}]}}