{"id":12968,"date":"2020-05-27T21:30:11","date_gmt":"2020-05-28T02:30:11","guid":{"rendered":"http:\/\/www.zonaroja.com.mx\/?p=12968"},"modified":"2020-05-27T21:35:32","modified_gmt":"2020-05-28T02:35:32","slug":"pueblo-de-oaxaca-con-30-casos-de-covid-y-seis-muertos-rechaza-con-violencia-sanitizacion","status":"publish","type":"post","link":"https:\/\/zonaroja.com.mx\/?p=12968","title":{"rendered":"Pueblo de Oaxaca con 33 casos de Covid y seis muertos, rechaza con violencia sanitizaci\u00f3n"},"content":{"rendered":"\n<p>Ismael\nGarc\u00eda M.\/Zona Roja.<\/p>\n\n\n\n<p>Oaxaca de\nJu\u00e1rez, Oax., 27 de mayo de 2020.- \u201c\u00a1A la chingada! \u00a1Ac\u00e1 no los queremos! \u00a1Ac\u00e1\nno hay coronavirus! \u00a1S\u00f3lo vienen a rociar l\u00edquidos que nos van a enfermar! \u00a1Nos\nquieren matar!\u201d.<\/p>\n\n\n\n<p>La turba\nse encendi\u00f3 de inmediato en San Antonio de la Cal. A eso del mediod\u00eda de este\nmi\u00e9rcoles, un centenar de pobladores se congreg\u00f3 en calles cercanas al palacio\nmunicipal, para retirar por la fuerza a cuatro trabajadores de los Servicios de\nSalud de Oaxaca que hab\u00edan acudido a sanitizar.<\/p>\n\n\n\n<p>El\nmunicipio, conurbado a la ciudad capital, de acuerdo con datos oficiales,\nregistra 33 casos positivos de Covid-19 y seis fallecimientos, adem\u00e1s de poca\ncolaboraci\u00f3n de las autoridades municipales y de la poblaci\u00f3n.<\/p>\n\n\n\n<p>\u201c\u00a1Se van a lo se los va a cargar la chingada!\u201d, los gritos en contra de los trabajadores que pretend\u00edan abordar su camioneta, pero que tambi\u00e9n intent\u00f3 ser vandalizada por los irritados habitantes, muchos de los cuales no portaban cubrebocas.<\/p>\n\n\n\n<figure class=\"wp-block-embed-twitter wp-block-embed is-type-rich is-provider-twitter\"><div class=\"wp-block-embed__wrapper\">\n<div class=\"twitter-tweet\"><blockquote class=\"twitter-tweet\" data-lang=\"es\"><p lang=\"es\" dir=\"ltr\"><a href=\"https:\/\/twitter.com\/hashtag\/%C3%9AltimoMinuto?src=hash&amp;ref_src=twsrc%5Etfw\">#\u00daltimoMinuto<\/a> <br>(2) Tras intento de da\u00f1ar una camioneta oficial y de retenci\u00f3n, la Polic\u00eda Estatal de la <a href=\"https:\/\/twitter.com\/SSP_GobOax?ref_src=twsrc%5Etfw\">@SSP_GobOax<\/a> rescat\u00f3 a trabajadores de salud de la cl\u00ednica de San Antonio de la Cal. <br>Ese municipio registra 33 positivos a Covid-19 y seis decesos. <a href=\"https:\/\/t.co\/EJQkC7pAJs\">pic.twitter.com\/EJQkC7pAJs<\/a><\/p>&mdash; Zona Roja Oaxaca (@MexRoja) <a href=\"https:\/\/twitter.com\/MexRoja\/status\/1265725791674957830?ref_src=twsrc%5Etfw\">27 de mayo de 2020<\/a><\/blockquote><\/div>\n<\/div><\/figure>\n\n\n\n<p>Otros\ngrupos de inmediato se organizaron para cerrar con piedras y palos calles\naleda\u00f1as. La fuerza policial de la Secretar\u00eda de Seguridad P\u00fablica lleg\u00f3 de\ninmediato, pero encontr\u00f3 resistencias.<\/p>\n\n\n\n<p>S\u00faplicas,\nexigencias, de poco val\u00edan para que les entregaran al persona y fue necesaria\nla detonaci\u00f3n de una granada de humo para rescatar a los trabajadores de salud.\nDe inmediato las varias patrullas se retiraron de la poblaci\u00f3n. <\/p>\n\n\n\n<p>\u201c\u00a1A\nustedes qui\u00e9n los mand\u00f3 pinches mirones! \u00a1Les vamos a quitar las c\u00e1maras y\ncelulares si siguen grabando!\u201d, los gritos hacia la prensa.<\/p>\n\n\n\n<p>Una hora de tensi\u00f3n, y tras ello el retiro de la fuerza policiaca. Ah\u00ed se quedaron los habitantes de San Antonio de la Cal con su coronavirus, enfermedad letal en la que no creen, pese a la media docena de muertos que ya registra.<\/p>\n\n\n\n<figure class=\"wp-block-image\"><img decoding=\"async\" width=\"360\" height=\"203\" src=\"http:\/\/www.zonaroja.com.mx\/wp-content\/uploads\/2020\/05\/San-Antonio-de-la-Cal-2.jpg\" alt=\"\" class=\"wp-image-12970\" srcset=\"https:\/\/zonaroja.com.mx\/wp-content\/uploads\/2020\/05\/San-Antonio-de-la-Cal-2.jpg 360w, https:\/\/zonaroja.com.mx\/wp-content\/uploads\/2020\/05\/San-Antonio-de-la-Cal-2-300x169.jpg 300w\" sizes=\"(max-width: 360px) 100vw, 360px\" \/><\/figure>\n","protected":false},"excerpt":{"rendered":"<p>Ismael Garc\u00eda M.\/Zona Roja. Oaxaca de Ju\u00e1rez, Oax., 27 de mayo de 2020.- \u201c\u00a1A la&hellip;<\/p>\n","protected":false},"author":2,"featured_media":12969,"comment_status":"closed","ping_status":"open","sticky":false,"template":"","format":"standard","meta":{"_lmt_disableupdate":"","_lmt_disable":"","_jetpack_memberships_contains_paid_content":false,"footnotes":""},"categories":[109,47],"tags":[1512,875],"class_list":["post-12968","post","type-post","status-publish","format-standard","has-post-thumbnail","hentry","category-minuto-a-minuto","category-zona-gris","tag-coronavirus-oaxaca","tag-san-antonio-de-la-cal"],"jetpack_featured_media_url":"https:\/\/zonaroja.com.mx\/wp-content\/uploads\/2020\/05\/San-Antonio-de-la-Cal-1.jpg","jetpack_sharing_enabled":true,"_links":{"self":[{"href":"https:\/\/zonaroja.com.mx\/index.php?rest_route=\/wp\/v2\/posts\/12968","targetHints":{"allow":["GET"]}}],"collection":[{"href":"https:\/\/zonaroja.com.mx\/index.php?rest_route=\/wp\/v2\/posts"}],"about":[{"href":"https:\/\/zonaroja.com.mx\/index.php?rest_route=\/wp\/v2\/types\/post"}],"author":[{"embeddable":true,"href":"https:\/\/zonaroja.com.mx\/index.php?rest_route=\/wp\/v2\/users\/2"}],"replies":[{"embeddable":true,"href":"https:\/\/zonaroja.com.mx\/index.php?rest_route=%2Fwp%2Fv2%2Fcomments&post=12968"}],"version-history":[{"count":2,"href":"https:\/\/zonaroja.com.mx\/index.php?rest_route=\/wp\/v2\/posts\/12968\/revisions"}],"predecessor-version":[{"id":12972,"href":"https:\/\/zonaroja.com.mx\/index.php?rest_route=\/wp\/v2\/posts\/12968\/revisions\/12972"}],"wp:featuredmedia":[{"embeddable":true,"href":"https:\/\/zonaroja.com.mx\/index.php?rest_route=\/wp\/v2\/media\/12969"}],"wp:attachment":[{"href":"https:\/\/zonaroja.com.mx\/index.php?rest_route=%2Fwp%2Fv2%2Fmedia&parent=12968"}],"wp:term":[{"taxonomy":"category","embeddable":true,"href":"https:\/\/zonaroja.com.mx\/index.php?rest_route=%2Fwp%2Fv2%2Fcategories&post=12968"},{"taxonomy":"post_tag","embeddable":true,"href":"https:\/\/zonaroja.com.mx\/index.php?rest_route=%2Fwp%2Fv2%2Ftags&post=12968"}],"curies":[{"name":"wp","href":"https:\/\/api.w.org\/{rel}","templated":true}]}}