{"id":12973,"date":"2020-05-27T22:25:04","date_gmt":"2020-05-28T03:25:04","guid":{"rendered":"http:\/\/www.zonaroja.com.mx\/?p=12973"},"modified":"2020-05-27T22:25:08","modified_gmt":"2020-05-28T03:25:08","slug":"destituyen-a-directora-del-instituto-de-la-mujer-acusa-violencia-institucional","status":"publish","type":"post","link":"https:\/\/zonaroja.com.mx\/?p=12973","title":{"rendered":"Destituyen a directora del Instituto de la Mujer; acusa violencia institucional"},"content":{"rendered":"\n<p>Evlin\nArag\u00f3n\/Zona Roja.<\/p>\n\n\n\n<p>Oaxaca de\nJu\u00e1rez, 27 de mayo de 2020.- Jaqueline Escamilla Villanueva, titular del\nInstituto Municipal de la Mujer de Oaxaca de Ju\u00e1rez, denunci\u00f3 violencia pol\u00edtica\ne institucional en su contra por parte del edil morenista Oswaldo Garc\u00eda\nJarqu\u00edn, quien le pidi\u00f3 su renuncia y asegur\u00f3 la destituir\u00eda y sacar\u00eda por la\nfuerza de dependencia por no acatar una orden que va en contra de los derechos\nde las mujeres.<\/p>\n\n\n\n<p>As\u00ed lo\ndenuncio a trav\u00e9s de sus redes sociales en donde explic\u00f3 que la molestia del\nmun\u00edcipe se dio al no poder enlazar una conferencia antiderechos, denominada\n\u201cPreservar la vida, la m\u00e1xima necesidad en este tiempo\u201d, programada para esta\ntarde e impuesta por la presidenta municipal del DIF, Patricia Benfield, y por\nla que previamente se hab\u00edan manifestado un grupo importante de colectivos y\nactivistas feministas.<\/p>\n\n\n\n<p>\u201cQuiero hacer responsable al presidente municipal de todo lo que me vaya a suceder, \u00e9l me acaba de hablar por tel\u00e9fono y me dice que si no se presentaba en este momento la conferencia, me ped\u00eda de inmediato mi renuncia, a lo cual le dije que no iba a renunciar porque no estaba cometiendo una falta, \u00e9l me ha dicho que a partir de este momento quedo destituida\u201d, cit\u00f3.<\/p>\n\n\n\n<figure class=\"wp-block-embed-twitter wp-block-embed is-type-rich is-provider-twitter\"><div class=\"wp-block-embed__wrapper\">\n<div class=\"twitter-tweet\"><blockquote class=\"twitter-tweet\" data-lang=\"es\"><p lang=\"es\" dir=\"ltr\"><a href=\"https:\/\/twitter.com\/hashtag\/%C3%9AltimoMinuto?src=hash&amp;ref_src=twsrc%5Etfw\">#\u00daltimoMinuto<\/a> <br>Tras complicaciones en la transmisi\u00f3n de un foro de debate v\u00eda Facebook, el edil de <a href=\"https:\/\/twitter.com\/MunicipioOaxaca?ref_src=twsrc%5Etfw\">@MunicipioOaxaca<\/a>, <a href=\"https:\/\/twitter.com\/oswaldogarciaj?ref_src=twsrc%5Etfw\">@oswaldogarciaj<\/a>, pidi\u00f3 la renuncia a la directora del Instituto Municipal de las Mujeres, Jaqueline Escamilla. La funcionaria presentar\u00e1 denuncia ante <a href=\"https:\/\/twitter.com\/DDHPO?ref_src=twsrc%5Etfw\">@DDHPO<\/a>. <a href=\"https:\/\/t.co\/4xoa8uosbU\">pic.twitter.com\/4xoa8uosbU<\/a><\/p>&mdash; Zona Roja Oaxaca (@MexRoja) <a href=\"https:\/\/twitter.com\/MexRoja\/status\/1265811920868855811?ref_src=twsrc%5Etfw\">28 de mayo de 2020<\/a><\/blockquote><\/div>\n<\/div><\/figure>\n\n\n\n<p>La\nfuncionaria acus\u00f3 al edil de violar sus derechos y ejercer violencia pol\u00edtica e\ninstitucional en su contra; as\u00ed mismo, de una serie de amenazas por parte de\nPatricia Benfield que se declar\u00f3 p\u00fablicamente como provida e impuso una\nconferencia con esta tem\u00e1tica en el IMM, luego de que la senadora Citlalli\nHern\u00e1ndez Mora impartiera una charla sobre el derecho a decidir de las mujeres.<\/p>\n\n\n\n<p>\u201cNo es\nposible que en pleno 2020, un tipo que se supone que los pusimos como pueblo\nhoy violente mis derechos, mis derechos pol\u00edticos y me violente de manera\ninstitucional\u2026 Est\u00e1 poniendo en riesgo mi integridad y la de mi familia. Claro\nque tengo miedo\u201d, refiri\u00f3.<\/p>\n\n\n\n<p>Por lo\nanterior. Escamilla Villanueva present\u00f3 una queja ante la Defensor\u00eda de los\nDerechos Humanos del Pueblo de Oaxaca (DDHPO), donde adem\u00e1s pidi\u00f3 medidas\ncautelares para salvaguardar su integridad f\u00edsica y la de su familia, adem\u00e1s\nque acudi\u00f3 a la Fiscal\u00eda General de Justicia de Oaxaca para interponer una\ndenuncia por los delitos que se configuren.<\/p>\n\n\n\n<p>Decenas\nde mujeres y organizaciones de la sociedad civil de mujeres se han pronunciado\nen estos momentos en apoyo a quien hasta hace unas horas se desempe\u00f1aba como\ndirectoral del IMM y que se hab\u00eda destacado por un trabajo coordinado con otras\n\u00e1reas de la administraci\u00f3n p\u00fablica para cumplir con los objetivos del \u00e1rea de\ninstrumentar pol\u00edticas p\u00fablicas que faciliten el ejercicio pleno de los\nderechos humanos de las mujeres.<\/p>\n\n\n\n<p>As\u00ed mismo\nel presidente de la Junta de Coordinaci\u00f3n Pol\u00edtica (Jucopo), Horacio Sosa\nVillavicencio y la diputada local Hilda P\u00e9rez Luis manifestaron su respaldo a\nla funcionaria y exhortaron al edil a conducirse con apego a derecho y evitar\nconfigurar un acto de violencia de g\u00e9nero en su contra.<\/p>\n","protected":false},"excerpt":{"rendered":"<p>Evlin Arag\u00f3n\/Zona Roja. Oaxaca de Ju\u00e1rez, 27 de mayo de 2020.- Jaqueline Escamilla Villanueva, titular&hellip;<\/p>\n","protected":false},"author":2,"featured_media":12974,"comment_status":"closed","ping_status":"open","sticky":false,"template":"","format":"standard","meta":{"_lmt_disableupdate":"","_lmt_disable":"","_jetpack_memberships_contains_paid_content":false,"footnotes":""},"categories":[109,47],"tags":[244],"class_list":["post-12973","post","type-post","status-publish","format-standard","has-post-thumbnail","hentry","category-minuto-a-minuto","category-zona-gris","tag-jaqueline-escamilla-villanueva"],"jetpack_featured_media_url":"https:\/\/zonaroja.com.mx\/wp-content\/uploads\/2020\/05\/Jaqueline-Escamilla.jpg","jetpack_sharing_enabled":true,"_links":{"self":[{"href":"https:\/\/zonaroja.com.mx\/index.php?rest_route=\/wp\/v2\/posts\/12973","targetHints":{"allow":["GET"]}}],"collection":[{"href":"https:\/\/zonaroja.com.mx\/index.php?rest_route=\/wp\/v2\/posts"}],"about":[{"href":"https:\/\/zonaroja.com.mx\/index.php?rest_route=\/wp\/v2\/types\/post"}],"author":[{"embeddable":true,"href":"https:\/\/zonaroja.com.mx\/index.php?rest_route=\/wp\/v2\/users\/2"}],"replies":[{"embeddable":true,"href":"https:\/\/zonaroja.com.mx\/index.php?rest_route=%2Fwp%2Fv2%2Fcomments&post=12973"}],"version-history":[{"count":1,"href":"https:\/\/zonaroja.com.mx\/index.php?rest_route=\/wp\/v2\/posts\/12973\/revisions"}],"predecessor-version":[{"id":12975,"href":"https:\/\/zonaroja.com.mx\/index.php?rest_route=\/wp\/v2\/posts\/12973\/revisions\/12975"}],"wp:featuredmedia":[{"embeddable":true,"href":"https:\/\/zonaroja.com.mx\/index.php?rest_route=\/wp\/v2\/media\/12974"}],"wp:attachment":[{"href":"https:\/\/zonaroja.com.mx\/index.php?rest_route=%2Fwp%2Fv2%2Fmedia&parent=12973"}],"wp:term":[{"taxonomy":"category","embeddable":true,"href":"https:\/\/zonaroja.com.mx\/index.php?rest_route=%2Fwp%2Fv2%2Fcategories&post=12973"},{"taxonomy":"post_tag","embeddable":true,"href":"https:\/\/zonaroja.com.mx\/index.php?rest_route=%2Fwp%2Fv2%2Ftags&post=12973"}],"curies":[{"name":"wp","href":"https:\/\/api.w.org\/{rel}","templated":true}]}}