{"id":12976,"date":"2020-05-27T22:30:16","date_gmt":"2020-05-28T03:30:16","guid":{"rendered":"http:\/\/www.zonaroja.com.mx\/?p=12976"},"modified":"2020-05-27T22:30:20","modified_gmt":"2020-05-28T03:30:20","slug":"aumentan-casos-por-covid-en-oaxaca-ya-son-mil-144-positivos","status":"publish","type":"post","link":"https:\/\/zonaroja.com.mx\/?p=12976","title":{"rendered":"Aumentan casos por Covid en Oaxaca; ya son mil 144 positivos"},"content":{"rendered":"\n<p>Redacci\u00f3n\/Zona\nRoja.<\/p>\n\n\n\n<p>Oaxaca de\nJu\u00e1rez, Oax. 27 de mayo de 2020.-Los Servicios de Salud de Oaxaca (SSO)\ninformaron este mi\u00e9rcoles, que la entidad ya registra mil 144 casos y 122\nmuertes por Covid-19, tras confirmarse 35 nuevos contagios y siete\nfallecimientos m\u00e1s, en las \u00faltimas 24 horas.<\/p>\n\n\n\n<p>En un comunicado, la dependencia del Gobierno del Estado expuso que existen tambi\u00e9n 326 casos activos y 530 personas sospechosas en espera de resultados.<\/p>\n\n\n\n<p>Confirm\u00f3\nque a la fecha se han recuperado 696 pacientes de la patolog\u00eda respiratoria,\ncifra que representa el 61% del total de personas contagiadas, y se tiene un\nregistro de 137 municipios donde existe la presencia del virus.<\/p>\n\n\n\n<p>De esta\ncantidad, 19 localidades presentaron casos nuevos este mi\u00e9rcoles,\nprincipalmente Oaxaca de Ju\u00e1rez con nueve diagn\u00f3sticos y Santa Cruz Xoxocotl\u00e1n\ncon siete; &nbsp;por primera vez aparece en\nlas estad\u00edsticas de positivos, la poblaci\u00f3n de Santiago Matatl\u00e1n, con un\nreporte.<\/p>\n\n\n\n<p>Especific\u00f3\nque la Jurisdicci\u00f3n Sanitaria de Valles Centrales ha notificado 785 positivos y\n67 fallecimientos; Tuxtepec 114 pacientes y 19 v\u00edctimas fatales; Istmo de\nTehuantepec concentra 85 confirmados y 15 muertes.<\/p>\n\n\n\n<p>As\u00ed como\nla Mixteca tiene 76 registros, de los cuales 14 son decesos; la Costa ha registrado\n55 casos y seis fallecimientos; y la Sierra (Norte) presenta 29 contagios y una\ndefunci\u00f3n.<\/p>\n\n\n\n<p>Puntualiz\u00f3\nque del acumulado de casos, 101 son m\u00e9dico, 125 personal de enfermer\u00eda y 30 de\notras \u00e1reas, lo que da un total de 256 trabajadores del sector Salud con\nresultados positivos al nuevo coronavirus.<\/p>\n\n\n\n<p>Agreg\u00f3 que a la fecha, del global de confirmados, 313 han requerido hospitalizaci\u00f3n por su condici\u00f3n de salud y 831 han sido pacientes ambulatorios, ya que presentaron la enfermedad en etapas leves.<\/p>\n\n\n\n<figure class=\"wp-block-image\"><img decoding=\"async\" width=\"1024\" height=\"568\" src=\"http:\/\/www.zonaroja.com.mx\/wp-content\/uploads\/2020\/05\/SSO-2-1-4-1024x568.jpeg\" alt=\"\" class=\"wp-image-12978\" srcset=\"https:\/\/zonaroja.com.mx\/wp-content\/uploads\/2020\/05\/SSO-2-1-4-1024x568.jpeg 1024w, https:\/\/zonaroja.com.mx\/wp-content\/uploads\/2020\/05\/SSO-2-1-4-300x166.jpeg 300w, https:\/\/zonaroja.com.mx\/wp-content\/uploads\/2020\/05\/SSO-2-1-4-768x426.jpeg 768w, https:\/\/zonaroja.com.mx\/wp-content\/uploads\/2020\/05\/SSO-2-1-4-585x324.jpeg 585w, https:\/\/zonaroja.com.mx\/wp-content\/uploads\/2020\/05\/SSO-2-1-4.jpeg 1080w\" sizes=\"(max-width: 1024px) 100vw, 1024px\" \/><\/figure>\n\n\n\n<p>A su vez,\nprecis\u00f3 que de los 326 pacientes activos que se encuentran en la entidad (personas\nque enfermaron en los \u00faltimos 14 d\u00edas), el mayor n\u00famero de casos se concentra\nen: <\/p>\n\n\n\n<p>Oaxaca de\nJu\u00e1rez con 111 pacientes, San Juan Bautista Tuxtepec con 24 notificaciones,\nSanta Cruz Xoxocotl\u00e1n con 20 casos, la Heroica Ciudad de Huajuapan de Le\u00f3n con\n15, as\u00ed como Santa Luc\u00eda del Camino y Santa Mar\u00eda Atzompa con 14 casos,\nrespectivamente, entre otros.<\/p>\n\n\n\n<p>Se\u00f1al\u00f3\nque M\u00e9xico se encuentra en la \u00faltima semana de la Jornada Nacional de Sana\nDistancia, la cual es fundamental para definir el comportamiento de la curva\nepidemiol\u00f3gica en el estado.<\/p>\n\n\n\n<p>&nbsp;\u201cLa participaci\u00f3n ciudadana contin\u00faa siendo la\nclave para determinar el momento en que se pueda transitar a la nueva\nnormalidad. Nos debe quedar claro que llegar al 1 de junio, no quiere decir que\nla contingencia haya pasado, significa que se evaluar\u00e1 la situaci\u00f3n sanitaria y\nsocial, ponderando siempre la salud y seguridad de las familias oaxaque\u00f1as\u201d,\nasever\u00f3 la dependencia estatal.<\/p>\n","protected":false},"excerpt":{"rendered":"<p>Redacci\u00f3n\/Zona Roja. Oaxaca de Ju\u00e1rez, Oax. 27 de mayo de 2020.-Los Servicios de Salud de&hellip;<\/p>\n","protected":false},"author":2,"featured_media":12977,"comment_status":"closed","ping_status":"open","sticky":false,"template":"","format":"standard","meta":{"_lmt_disableupdate":"","_lmt_disable":"","_jetpack_memberships_contains_paid_content":false,"footnotes":""},"categories":[1],"tags":[],"class_list":["post-12976","post","type-post","status-publish","format-standard","has-post-thumbnail","hentry","category-sin-categoria"],"jetpack_featured_media_url":"https:\/\/zonaroja.com.mx\/wp-content\/uploads\/2020\/05\/SSO-1-1-4.jpeg","jetpack_sharing_enabled":true,"_links":{"self":[{"href":"https:\/\/zonaroja.com.mx\/index.php?rest_route=\/wp\/v2\/posts\/12976","targetHints":{"allow":["GET"]}}],"collection":[{"href":"https:\/\/zonaroja.com.mx\/index.php?rest_route=\/wp\/v2\/posts"}],"about":[{"href":"https:\/\/zonaroja.com.mx\/index.php?rest_route=\/wp\/v2\/types\/post"}],"author":[{"embeddable":true,"href":"https:\/\/zonaroja.com.mx\/index.php?rest_route=\/wp\/v2\/users\/2"}],"replies":[{"embeddable":true,"href":"https:\/\/zonaroja.com.mx\/index.php?rest_route=%2Fwp%2Fv2%2Fcomments&post=12976"}],"version-history":[{"count":1,"href":"https:\/\/zonaroja.com.mx\/index.php?rest_route=\/wp\/v2\/posts\/12976\/revisions"}],"predecessor-version":[{"id":12979,"href":"https:\/\/zonaroja.com.mx\/index.php?rest_route=\/wp\/v2\/posts\/12976\/revisions\/12979"}],"wp:featuredmedia":[{"embeddable":true,"href":"https:\/\/zonaroja.com.mx\/index.php?rest_route=\/wp\/v2\/media\/12977"}],"wp:attachment":[{"href":"https:\/\/zonaroja.com.mx\/index.php?rest_route=%2Fwp%2Fv2%2Fmedia&parent=12976"}],"wp:term":[{"taxonomy":"category","embeddable":true,"href":"https:\/\/zonaroja.com.mx\/index.php?rest_route=%2Fwp%2Fv2%2Fcategories&post=12976"},{"taxonomy":"post_tag","embeddable":true,"href":"https:\/\/zonaroja.com.mx\/index.php?rest_route=%2Fwp%2Fv2%2Ftags&post=12976"}],"curies":[{"name":"wp","href":"https:\/\/api.w.org\/{rel}","templated":true}]}}