{"id":12980,"date":"2020-05-28T07:38:07","date_gmt":"2020-05-28T12:38:07","guid":{"rendered":"http:\/\/www.zonaroja.com.mx\/?p=12980"},"modified":"2020-05-28T07:38:10","modified_gmt":"2020-05-28T12:38:10","slug":"muere-trabajador-de-imss-oaxaca-por-coronavirus","status":"publish","type":"post","link":"https:\/\/zonaroja.com.mx\/?p=12980","title":{"rendered":"Muere trabajador de IMSS Oaxaca por coronavirus"},"content":{"rendered":"\n<p>Yuridiana\nSosa\/Zona Roja.<\/p>\n\n\n\n<p>Oaxaca de\nJu\u00e1rez, Oax., 28 de mayo de 2020.- Un trabajador del Hospital General de Zona 1\ndel IMSS, en la capital oaxaque\u00f1a, muri\u00f3 este mi\u00e9rcoles v\u00edctima de Covid-19.<\/p>\n\n\n\n<p>El\nempleado, integrante del equipo de manejo de alimentos en el nosocomio, fue\nidentificado como Aldo Diego, y form\u00f3 parte de los m\u00e1s de 250 trabajadores del\nsector salud enfermos por este virus.<\/p>\n\n\n\n<p>La organizaci\u00f3n Frente Popular Revolucionario (FPR) responsabiliz\u00f3 al Gobernador del Estado, Alejandro Murat Hinojosa, de la falta de equipos de protecci\u00f3n personal para los m\u00e9dicos y personal de la salud, situaci\u00f3n de la que padeci\u00f3 la reciente v\u00edctima.<\/p>\n\n\n\n<p>\u00abA d\u00f3nde fueron a parar los miles de millones de pesos para combatir la  pandemia? \u00a1Los funcionarios de vacaciones!\u00bb, cuestion\u00f3 el FPR a trav\u00e9s de su cuenta de Twitter.<\/p>\n\n\n\n<p>CRISIS EN\nATENCIONES<\/p>\n\n\n\n<p>En tanto,\na trav\u00e9s de redes sociales un hombre denunci\u00f3 la falta de atenci\u00f3n para su\nmadre, una persona de la tercera edad que presentaba problemas de diabetes y\npresi\u00f3n.<\/p>\n\n\n\n<p>La mujer,\nenrollada en una cobijas y sentada en la parte de trasera de un veh\u00edculo,\npresentaba un estado delicado de salud, por lo que apenas pod\u00eda estar\nconsciente.<\/p>\n\n\n\n<p>El hijo,\nquien se identific\u00f3 como Feliciano, aclar\u00f3 que su madre no presentaba s\u00edntomas\nde Covid-19, pero s\u00ed un estado vulnerable de salud que se complicaba por la\ndesatenci\u00f3n.<\/p>\n\n\n\n<p>La\nfamilia de la mujer acudi\u00f3 al centro de salud de Santa Mar\u00eda Atzompa, donde no\nla recibieron; tambi\u00e9n acudieron al de Regional de Alta Especialidad de Oaxaca\nen San Bartolo Coyotepec, que entr\u00f3 en cuarentena por contagios en el personal,\ny posteriormente tambi\u00e9n la rechazaron en el Hospital de la Mujer.<\/p>\n\n\n\n<p>Ante esta\nsituaci\u00f3n el hijo se trasladar\u00eda al Hospital Civil \u201cDr. Aurelio Valdivieso\u201d,\ndonde los servicios comenzaron a limitarse por su nuevo estatus de atenci\u00f3n a\npacientes de Covid.<\/p>\n","protected":false},"excerpt":{"rendered":"<p>Yuridiana Sosa\/Zona Roja. Oaxaca de Ju\u00e1rez, Oax., 28 de mayo de 2020.- Un trabajador del&hellip;<\/p>\n","protected":false},"author":2,"featured_media":12981,"comment_status":"closed","ping_status":"open","sticky":false,"template":"","format":"standard","meta":{"_lmt_disableupdate":"","_lmt_disable":"","_jetpack_memberships_contains_paid_content":false,"footnotes":""},"categories":[109,47],"tags":[1512],"class_list":["post-12980","post","type-post","status-publish","format-standard","has-post-thumbnail","hentry","category-minuto-a-minuto","category-zona-gris","tag-coronavirus-oaxaca"],"jetpack_featured_media_url":"https:\/\/zonaroja.com.mx\/wp-content\/uploads\/2020\/05\/Trabajador-IMSS.png","jetpack_sharing_enabled":true,"_links":{"self":[{"href":"https:\/\/zonaroja.com.mx\/index.php?rest_route=\/wp\/v2\/posts\/12980","targetHints":{"allow":["GET"]}}],"collection":[{"href":"https:\/\/zonaroja.com.mx\/index.php?rest_route=\/wp\/v2\/posts"}],"about":[{"href":"https:\/\/zonaroja.com.mx\/index.php?rest_route=\/wp\/v2\/types\/post"}],"author":[{"embeddable":true,"href":"https:\/\/zonaroja.com.mx\/index.php?rest_route=\/wp\/v2\/users\/2"}],"replies":[{"embeddable":true,"href":"https:\/\/zonaroja.com.mx\/index.php?rest_route=%2Fwp%2Fv2%2Fcomments&post=12980"}],"version-history":[{"count":1,"href":"https:\/\/zonaroja.com.mx\/index.php?rest_route=\/wp\/v2\/posts\/12980\/revisions"}],"predecessor-version":[{"id":12982,"href":"https:\/\/zonaroja.com.mx\/index.php?rest_route=\/wp\/v2\/posts\/12980\/revisions\/12982"}],"wp:featuredmedia":[{"embeddable":true,"href":"https:\/\/zonaroja.com.mx\/index.php?rest_route=\/wp\/v2\/media\/12981"}],"wp:attachment":[{"href":"https:\/\/zonaroja.com.mx\/index.php?rest_route=%2Fwp%2Fv2%2Fmedia&parent=12980"}],"wp:term":[{"taxonomy":"category","embeddable":true,"href":"https:\/\/zonaroja.com.mx\/index.php?rest_route=%2Fwp%2Fv2%2Fcategories&post=12980"},{"taxonomy":"post_tag","embeddable":true,"href":"https:\/\/zonaroja.com.mx\/index.php?rest_route=%2Fwp%2Fv2%2Ftags&post=12980"}],"curies":[{"name":"wp","href":"https:\/\/api.w.org\/{rel}","templated":true}]}}