{"id":12986,"date":"2020-05-28T08:08:26","date_gmt":"2020-05-28T13:08:26","guid":{"rendered":"http:\/\/www.zonaroja.com.mx\/?p=12986"},"modified":"2020-05-28T08:10:21","modified_gmt":"2020-05-28T13:10:21","slug":"preliminar-mas-de-200-puestos-quemados-en-el-mercado-de-abasto","status":"publish","type":"post","link":"https:\/\/zonaroja.com.mx\/?p=12986","title":{"rendered":"Preliminar: m\u00e1s de 200 puestos quemados en el Mercado de Abasto"},"content":{"rendered":"\n<p>Redacci\u00f3n\/Zona\nRoja.<\/p>\n\n\n\n<p>Oaxaca de\nJu\u00e1rez, Oax., 28 de mayo de 2020.- Al menos 200 locales comerciales resultaron\nsiniestrados por el magno incendio ocurrido desde anoche en la Central de\nAbasto de la ciudad de Oaxaca, y que fue controlado alrededor de las cuatro de\nla ma\u00f1ana de este jueves.<\/p>\n\n\n\n<p>El director del Heroico Cuerpo de Bomberos, Manuel Maza S\u00e1nchez, confirm\u00f3 en entrevista con Radio ORO que podr\u00edan ser un mayor n\u00famero de locales los quemados, debido a que no se realiza una revisi\u00f3n exhaustiva por las complicaciones para entrar a la zona.<\/p>\n\n\n\n<figure class=\"wp-block-embed-twitter wp-block-embed is-type-rich is-provider-twitter\"><div class=\"wp-block-embed__wrapper\">\n<div class=\"twitter-tweet\"><blockquote class=\"twitter-tweet\" data-lang=\"es\"><p lang=\"es\" dir=\"ltr\"><a href=\"https:\/\/twitter.com\/hashtag\/%C3%9AltimoMinuto?src=hash&amp;ref_src=twsrc%5Etfw\">#\u00daltimoMinuto<\/a> <br>Incontrolable, pese a cientos de personas que laboran en el combate, el fuego se extiende en el Mercado de Abasto de la ciudad de Oaxaca; ya van m\u00e1s de dos horas de siniestro y al menos un centenar de puestos da\u00f1ados. <br>Video: Cortes\u00eda <a href=\"https:\/\/t.co\/BQbUkxZenP\">pic.twitter.com\/BQbUkxZenP<\/a><\/p>&mdash; Zona Roja Oaxaca (@MexRoja) <a href=\"https:\/\/twitter.com\/MexRoja\/status\/1265861315609976832?ref_src=twsrc%5Etfw\">28 de mayo de 2020<\/a><\/blockquote><\/div>\n<\/div><\/figure>\n\n\n\n<p>Indic\u00f3 que\nalrededor de las 20:30 horas de ayer recibieron la llamada de auxilio y siete\nminutos despu\u00e9s arribaron los elementos al Mercado de Abasto; sin embargo,\ntardaron unos 15 minutos en poder ingresar al interior debido a los accesos\ncerrados y pasillos congestionados.<\/p>\n\n\n\n<p>Inform\u00f3\nque esta ma\u00f1ana contin\u00faan las labores en b\u00fasqueda de remanentes del fuego y\nremoci\u00f3n de escombros y descart\u00f3 v\u00edctimas; el fuego fue controlado alrededor de\nlas 02:20 horas, pero siguen las labores, por m\u00e1s de 12 horas.<\/p>\n\n\n\n<p>Maza S\u00e1nchez destac\u00f3 la labor de los Bomberos, de los polic\u00edas Vial y Estatal encabezados por la Secretar\u00eda de Seguridad P\u00fablica de Oaxaca, as\u00ed como Protecci\u00f3n Civil estatal y municipal.<\/p>\n\n\n\n<figure class=\"wp-block-embed-twitter wp-block-embed is-type-rich is-provider-twitter\"><div class=\"wp-block-embed__wrapper\">\n<div class=\"twitter-tweet\"><blockquote class=\"twitter-tweet\" data-lang=\"es\"><p lang=\"es\" dir=\"ltr\"><a href=\"https:\/\/twitter.com\/hashtag\/%C3%9AltimoMinuto?src=hash&amp;ref_src=twsrc%5Etfw\">#\u00daltimoMinuto<\/a><br>Por m\u00e1s de una hora, el fuego contin\u00faa incontrolable en diversas zonas del Mercado de Abasto de la capital de Oaxaca; varios locales han sido consumidos. Todos los elementos del <a href=\"https:\/\/twitter.com\/Bomberos_GobOax?ref_src=twsrc%5Etfw\">@Bomberos_GobOax<\/a> laboran en el sitio; Polic\u00eda Estatal vigila contorno para evitar rapi\u00f1a <a href=\"https:\/\/t.co\/A71SehuZsn\">pic.twitter.com\/A71SehuZsn<\/a><\/p>&mdash; Zona Roja Oaxaca (@MexRoja) <a href=\"https:\/\/twitter.com\/MexRoja\/status\/1265845039479078912?ref_src=twsrc%5Etfw\">28 de mayo de 2020<\/a><\/blockquote><\/div>\n<\/div><\/figure>\n\n\n\n<p>En el\ncontorno, polic\u00edas estatales y municipales resguardaron los accesos para evitar\nrapi\u00f1a. Llegaron tambi\u00e9n al auxilio Bomberos de Tlalixtac de Cabrera, Santa\nCruz Xoxocotl\u00e1n y de Tlacolula de Matamoros, adem\u00e1s de la Uni\u00f3n de Piperos y\nlocatarios, que por momentos pretend\u00edan arrebatar las mangueras de agua.<\/p>\n\n\n\n<p>Indic\u00f3\nque hasta las seis y media de la ma\u00f1ana de hoy, se hab\u00edan utilizado 45 pipa de\nagua de 10 mil litros cada uno y a\u00fan contin\u00faan las labores.<\/p>\n\n\n\n<p>La tr\u00e1gica jornada en el Mercado de Abasto fue precedida por la localizaci\u00f3n de dos personas muertas en sus inmediaciones, hasta ahora por causas desconocidas, as\u00ed como denuncias de robos en varios locales comerciales.<\/p>\n\n\n\n<figure class=\"wp-block-image\"><img decoding=\"async\" width=\"1024\" height=\"768\" src=\"http:\/\/www.zonaroja.com.mx\/wp-content\/uploads\/2020\/05\/Central-de-Abasto-1-1-1024x768.jpg\" alt=\"\" class=\"wp-image-12988\" srcset=\"https:\/\/zonaroja.com.mx\/wp-content\/uploads\/2020\/05\/Central-de-Abasto-1-1.jpg 1024w, https:\/\/zonaroja.com.mx\/wp-content\/uploads\/2020\/05\/Central-de-Abasto-1-1-300x225.jpg 300w, https:\/\/zonaroja.com.mx\/wp-content\/uploads\/2020\/05\/Central-de-Abasto-1-1-768x576.jpg 768w, https:\/\/zonaroja.com.mx\/wp-content\/uploads\/2020\/05\/Central-de-Abasto-1-1-585x439.jpg 585w\" sizes=\"(max-width: 1024px) 100vw, 1024px\" \/><\/figure>\n","protected":false},"excerpt":{"rendered":"<p>Redacci\u00f3n\/Zona Roja. Oaxaca de Ju\u00e1rez, Oax., 28 de mayo de 2020.- Al menos 200 locales&hellip;<\/p>\n","protected":false},"author":2,"featured_media":12990,"comment_status":"closed","ping_status":"open","sticky":false,"template":"","format":"standard","meta":{"_lmt_disableupdate":"","_lmt_disable":"","_jetpack_memberships_contains_paid_content":false,"footnotes":""},"categories":[109,47],"tags":[1168],"class_list":["post-12986","post","type-post","status-publish","format-standard","has-post-thumbnail","hentry","category-minuto-a-minuto","category-zona-gris","tag-central-de-abasto-ciudad-de-oaxaca"],"jetpack_featured_media_url":"https:\/\/zonaroja.com.mx\/wp-content\/uploads\/2020\/05\/Central-de-Abasto-2.jpg","jetpack_sharing_enabled":true,"_links":{"self":[{"href":"https:\/\/zonaroja.com.mx\/index.php?rest_route=\/wp\/v2\/posts\/12986","targetHints":{"allow":["GET"]}}],"collection":[{"href":"https:\/\/zonaroja.com.mx\/index.php?rest_route=\/wp\/v2\/posts"}],"about":[{"href":"https:\/\/zonaroja.com.mx\/index.php?rest_route=\/wp\/v2\/types\/post"}],"author":[{"embeddable":true,"href":"https:\/\/zonaroja.com.mx\/index.php?rest_route=\/wp\/v2\/users\/2"}],"replies":[{"embeddable":true,"href":"https:\/\/zonaroja.com.mx\/index.php?rest_route=%2Fwp%2Fv2%2Fcomments&post=12986"}],"version-history":[{"count":1,"href":"https:\/\/zonaroja.com.mx\/index.php?rest_route=\/wp\/v2\/posts\/12986\/revisions"}],"predecessor-version":[{"id":12989,"href":"https:\/\/zonaroja.com.mx\/index.php?rest_route=\/wp\/v2\/posts\/12986\/revisions\/12989"}],"wp:featuredmedia":[{"embeddable":true,"href":"https:\/\/zonaroja.com.mx\/index.php?rest_route=\/wp\/v2\/media\/12990"}],"wp:attachment":[{"href":"https:\/\/zonaroja.com.mx\/index.php?rest_route=%2Fwp%2Fv2%2Fmedia&parent=12986"}],"wp:term":[{"taxonomy":"category","embeddable":true,"href":"https:\/\/zonaroja.com.mx\/index.php?rest_route=%2Fwp%2Fv2%2Fcategories&post=12986"},{"taxonomy":"post_tag","embeddable":true,"href":"https:\/\/zonaroja.com.mx\/index.php?rest_route=%2Fwp%2Fv2%2Ftags&post=12986"}],"curies":[{"name":"wp","href":"https:\/\/api.w.org\/{rel}","templated":true}]}}