{"id":12991,"date":"2020-05-28T08:16:21","date_gmt":"2020-05-28T13:16:21","guid":{"rendered":"http:\/\/www.zonaroja.com.mx\/?p=12991"},"modified":"2020-05-28T08:16:24","modified_gmt":"2020-05-28T13:16:24","slug":"piden-ayuda-para-rescatar-a-paciente-oaxaqueno-del-issste-en-veracruz","status":"publish","type":"post","link":"https:\/\/zonaroja.com.mx\/?p=12991","title":{"rendered":"Piden ayuda para rescatar a paciente oaxaque\u00f1o del ISSSTE en Veracruz"},"content":{"rendered":"\n<p>Yuridiana\nSosa\/Zona Roja.<\/p>\n\n\n\n<p>San Juan\nBautista Tuxtepec, Oax., 28 de mayo de 2020.- Familiares de un trabajador de\nlos Servicios de Salud de Oaxaca en Tuxtepec, solicitaron ayuda de las\nautoridades m\u00e9dicas de Oaxaca para rescatar al paciente de un Hospital ISSSTE\nen Veracruz, a donde ingres\u00f3 por lesiones en el cabeza por un accidente de moto\ny ahora lo tratan de aislar como paciente Covid-19.<\/p>\n\n\n\n<p>A trav\u00e9s\nde sus redes sociales, los hermanos de Jes\u00fas Ronquillo Altamirano, empleado de\nla Jurisdicci\u00f3n Sanitaria n\u00famero 03, narran la pesadilla que viven desde el\nnosocomio de Alta Especialidad del ISSSTE en el puerto de Veracruz, a donde fue\ntraslado para su debida atenci\u00f3n m\u00e9dica tras el accidente en motocicleta el\npasado 20 de mayo.<\/p>\n\n\n\n<p>\u201cDesde\nayer se lo quieren llevar a \u00e1rea Covid, ay\u00fadenme\u201d, dice el hermano de Jes\u00fas,\nquien dice que \u201cva a luchar hasta donde pueda (para que no se lo lleven). Por\nfavor, ay\u00fadenme, ya se est\u00e1n vistiendo para entrar\u201d, indic\u00f3 el joven\natemorizado desde el interior del cuarto de hospital.<\/p>\n\n\n\n<p>Jes\u00fas fue\nsometido a una tomograf\u00eda en la que se demostr\u00f3 una lesi\u00f3n pulmonar, de la cual\nno se ofrecen detalles, pero que indicen se trata de Covid-19 a pesar que no\npresenta otros s\u00edntomas relacionados, dijo el pariente. Tampoco detallaron si\nfue sometido a la prueba para coronavirus.<\/p>\n\n\n\n<p>La\nhermana del paciente, Edith Altamirano, public\u00f3 que Jes\u00fas fue trasladado a la\nciudad de Veracruz por un derrame que le provoc\u00f3 un co\u00e1gulo. Pero desde el\nviernes ning\u00fan especialista, ni un neurocirujano lo ha revisado.<\/p>\n\n\n\n<p>\u201cDesgraciadamente\nno podemos hacer nada\u2026queremos el alta voluntaria de mi hermano #JESUS\nRONQUILLO ALTAMIRANO para poderlo sacar del ISSSTE de Veracruz por favor\nay\u00fadenme a compartir la informaci\u00f3n\u201d, agreg\u00f3 la desesperada mujer.<\/p>\n\n\n\n<p>El\npaciente afectado es vecino de la agencia de San Bartolo del municipio de San\nJuan Bautista Tuxtepec, y se desempe\u00f1a como brigadista del \u00e1rea de vectores de\nla Jurisdicci\u00f3n Sanitaria 03, en la regi\u00f3n Cuenca.<\/p>\n","protected":false},"excerpt":{"rendered":"<p>Yuridiana Sosa\/Zona Roja. San Juan Bautista Tuxtepec, Oax., 28 de mayo de 2020.- Familiares de&hellip;<\/p>\n","protected":false},"author":2,"featured_media":12992,"comment_status":"closed","ping_status":"open","sticky":false,"template":"","format":"standard","meta":{"_lmt_disableupdate":"","_lmt_disable":"","_jetpack_memberships_contains_paid_content":false,"footnotes":""},"categories":[109,47],"tags":[118],"class_list":["post-12991","post","type-post","status-publish","format-standard","has-post-thumbnail","hentry","category-minuto-a-minuto","category-zona-gris","tag-san-juan-bautista-tuxtepec"],"jetpack_featured_media_url":"https:\/\/zonaroja.com.mx\/wp-content\/uploads\/2020\/05\/PHOTO-2020-05-27-12-42-30.jpg","jetpack_sharing_enabled":true,"_links":{"self":[{"href":"https:\/\/zonaroja.com.mx\/index.php?rest_route=\/wp\/v2\/posts\/12991","targetHints":{"allow":["GET"]}}],"collection":[{"href":"https:\/\/zonaroja.com.mx\/index.php?rest_route=\/wp\/v2\/posts"}],"about":[{"href":"https:\/\/zonaroja.com.mx\/index.php?rest_route=\/wp\/v2\/types\/post"}],"author":[{"embeddable":true,"href":"https:\/\/zonaroja.com.mx\/index.php?rest_route=\/wp\/v2\/users\/2"}],"replies":[{"embeddable":true,"href":"https:\/\/zonaroja.com.mx\/index.php?rest_route=%2Fwp%2Fv2%2Fcomments&post=12991"}],"version-history":[{"count":1,"href":"https:\/\/zonaroja.com.mx\/index.php?rest_route=\/wp\/v2\/posts\/12991\/revisions"}],"predecessor-version":[{"id":12993,"href":"https:\/\/zonaroja.com.mx\/index.php?rest_route=\/wp\/v2\/posts\/12991\/revisions\/12993"}],"wp:featuredmedia":[{"embeddable":true,"href":"https:\/\/zonaroja.com.mx\/index.php?rest_route=\/wp\/v2\/media\/12992"}],"wp:attachment":[{"href":"https:\/\/zonaroja.com.mx\/index.php?rest_route=%2Fwp%2Fv2%2Fmedia&parent=12991"}],"wp:term":[{"taxonomy":"category","embeddable":true,"href":"https:\/\/zonaroja.com.mx\/index.php?rest_route=%2Fwp%2Fv2%2Fcategories&post=12991"},{"taxonomy":"post_tag","embeddable":true,"href":"https:\/\/zonaroja.com.mx\/index.php?rest_route=%2Fwp%2Fv2%2Ftags&post=12991"}],"curies":[{"name":"wp","href":"https:\/\/api.w.org\/{rel}","templated":true}]}}