{"id":12994,"date":"2020-05-28T13:27:08","date_gmt":"2020-05-28T18:27:08","guid":{"rendered":"http:\/\/www.zonaroja.com.mx\/?p=12994"},"modified":"2020-05-28T13:27:12","modified_gmt":"2020-05-28T18:27:12","slug":"el-dia-despues-en-la-zona-cero-se-acabo-mi-patrimonio-de-muchos-anos","status":"publish","type":"post","link":"https:\/\/zonaroja.com.mx\/?p=12994","title":{"rendered":"El d\u00eda despu\u00e9s en la zona cero: \u201cSe acab\u00f3 mi patrimonio de muchos a\u00f1os\u201d"},"content":{"rendered":"\n<p>Evlin\nArag\u00f3n\/Zona Roja.<\/p>\n\n\n\n<p>Oaxaca de\nJu\u00e1rez, Oax., 28 de mayo de 2020.- \u201cTodo se acab\u00f3, todo el patrimonio de muchos\na\u00f1os se acab\u00f3, 23 a\u00f1os aqu\u00ed y se acab\u00f3\u2026\u201d. Entre l\u00e1grimas, as\u00ed platica do\u00f1a Guadalupe\nSantiago su tragedia. <\/p>\n\n\n\n<p>Es la propietaria\nde un local de ropa y calzado al interior de la Central de Abasto, de decenas que\nfueron consumido por el fuego, luego del incendio que se registr\u00f3 este\nmi\u00e9rcoles por la noche en la zona comercial m\u00e1s importante de la capital\noaxaque\u00f1a.<\/p>\n\n\n\n<p>En un conmovedor relato, refiere que arribaron al lugar desde el momento que inici\u00f3 el incendio para tratar de ayudar, pero nada se pudo hacer ante las voraces llamas que arrasaron con su espacio en el que tambi\u00e9n hab\u00eda habilitado un peque\u00f1o taller de costura a fin de ayudarse econ\u00f3micamente para sostener a su familia.<\/p>\n\n\n\n<figure class=\"wp-block-embed-twitter wp-block-embed is-type-rich is-provider-twitter\"><div class=\"wp-block-embed__wrapper\">\n<div class=\"twitter-tweet\"><blockquote class=\"twitter-tweet\" data-lang=\"es\"><p lang=\"es\" dir=\"ltr\"><a href=\"https:\/\/twitter.com\/hashtag\/ENVIVO?src=hash&amp;ref_src=twsrc%5Etfw\">#ENVIVO<\/a><br>As\u00ed se encuentra esta ma\u00f1ana la Central de Abasto de la capital de Oaxaca; graves p\u00e9rdidas en la zona cero del inici\u00f3 de un fuerte incendio, del cual a\u00fan hay residuos de fuego y humo. A\u00fan incuantificables los da\u00f1os. <br>\ud83d\udc47 <a href=\"https:\/\/t.co\/yC1jWBDRfE\">pic.twitter.com\/yC1jWBDRfE<\/a><\/p>&mdash; Zona Roja Oaxaca (@MexRoja) <a href=\"https:\/\/twitter.com\/MexRoja\/status\/1266030355666153472?ref_src=twsrc%5Etfw\">28 de mayo de 2020<\/a><\/blockquote><\/div>\n<\/div><\/figure>\n\n\n\n<p>\u201cYo lo\n\u00fanico que pido al gobierno estatal, federal o a quien sea es que nos ayude,\npero que la ayuda llegue a los locatarios, que no haya intermediarios, que el\napoyo llegue a nuestras manos\u201d, dice. <\/p>\n\n\n\n<p>Su\npetici\u00f3n es fundamentada, ya que los l\u00edderes en la zona son conocidos por\nbeneficiarse de forma personal y a unos cuantos \u00fanicamente.<\/p>\n\n\n\n<p>Pese a\ntener de frente la desgracia y ante las cenizas de lo que fue su patrimonio\ndurante m\u00e1s de dos d\u00e9cadas, Guadalupe no pierde la fe en que pueda salir\nadelante y que la tragedia sea s\u00f3lo el comienzo de algo mejor.<\/p>\n\n\n\n<p>\u201cYo tengo\nfe, me voy a levantar a pesar de mi edad, tengo \u00e1nimos para salir adelante, voy\na salir adelante. Esto es un principio y tengo que salir adelante. Tengo fe\u201d,\nse repite as\u00ed misma.<\/p>\n\n\n\n<p>Para la\nmujer, como para muchas otras personas que ten\u00edan sus locales en la zona de locales\nde ropa de la Central, el lugar era m\u00e1s que un simple comercio, era su casa ya\nque pasaban la mayor parte del d\u00eda ah\u00ed y era su \u00fanico patrimonio para heredar a\nsus hijos.<\/p>\n\n\n\n<p>\u201cAqu\u00ed era\nnuestra casa, de las siete de la ma\u00f1ana a las nueve de la noche, todos los\nd\u00edas. Se acab\u00f3 todo, pero tenemos la esperanza de salir adelante\u201d, refiere la\nmujer que con la venta en la Central de Abasto sac\u00f3 adelante a dos hijos a\nquienes les dio estudio, incluso a nivel universitario.<\/p>\n\n\n\n<p>GOLPE\nDURO<\/p>\n\n\n\n<p>Para\nIsabel, otra comerciante de la misma zona, el golpe ha sido m\u00e1s duro, se nota\nmucho m\u00e1s afectada y con l\u00e1grimas en los ojos relata que perdi\u00f3 todo al\ninterior de su negocio en el que vend\u00eda ropa desde hace 22 a\u00f1os. Poco pudo\nhablar debido a las l\u00e1grimas y hasta tuvo que ser reconfortada por su hija que\nla acompa\u00f1a<\/p>\n\n\n\n<p>En un recorrido realizado por ZONA ROJA se pueden ver decenas de locales afectados por el fuego, algunos a\u00fan con restos de humo por lo que personal del Cuerpo de Bomberos, polic\u00eda municipal y estatal buscan abrir por la fuerza para corroborar que no exista riesgo de que se vuelva a reactivar.<\/p>\n\n\n\n<figure class=\"wp-block-embed-twitter wp-block-embed is-type-rich is-provider-twitter\"><div class=\"wp-block-embed__wrapper\">\n<div class=\"twitter-tweet\"><blockquote class=\"twitter-tweet\" data-lang=\"es\"><p lang=\"es\" dir=\"ltr\"><a href=\"https:\/\/twitter.com\/hashtag\/%C3%9AltimoMinuto?src=hash&amp;ref_src=twsrc%5Etfw\">#\u00daltimoMinuto<\/a> <br>Tras el incendio en locales del Mercado de Abasto de la ciudad de Oaxaca, locatarios reclaman a la directora del recinto, <a href=\"https:\/\/twitter.com\/AquinoAlavez?ref_src=twsrc%5Etfw\">@AquinoAlavez<\/a> la nula atenci\u00f3n a las graves deficiencias en ese sitio. <a href=\"https:\/\/t.co\/hHHaEMtePT\">pic.twitter.com\/hHHaEMtePT<\/a><\/p>&mdash; Zona Roja Oaxaca (@MexRoja) <a href=\"https:\/\/twitter.com\/MexRoja\/status\/1266066840494592001?ref_src=twsrc%5Etfw\">28 de mayo de 2020<\/a><\/blockquote><\/div>\n<\/div><\/figure>\n\n\n\n<p>Despu\u00e9s\nde 14 horas los trabajos, contin\u00faan en la zona cero, la que ha sido se\u00f1alada\npor el edil de Oaxaca de Ju\u00e1rez, Oswaldo Garcia Jarqu\u00edn como un \u201cfoco rojo\u201d\npara el contagio de Covid-19 y que este mi\u00e9rcoles fue alcanzada por el fuego.<\/p>\n\n\n\n<p>Locales\nconsumidos, de ropa, zapatos y dem\u00e1s productos calcinados y acumulados por\nmontones en los pasillos de la zona seca de la Central de Abasto son parte del\npanorama que se ve esta ma\u00f1ana.<\/p>\n\n\n\n<p>L\u00e1minas\nrotas, escombros, mangueras tiradas y agua en el piso completan la imagen de\nuna tragedia que se vivi\u00f3 este mi\u00e9rcoles por la noche y que dej\u00f3 a decenas de\npersonas sin el patrimonio que por a\u00f1os les cost\u00f3 obtener.<\/p>\n\n\n\n<p>Hasta el momento no hay saldo oficial. Fue despu\u00e9s de las nueve de la ma\u00f1ana de hoy en que arribaron los peritos de la Fiscal\u00eda General del Estado para iniciar los levantamientos, mientras que personal de Bomberos contin\u00faa revisando la zona.<\/p>\n\n\n\n<p>Hasta el mediod\u00eda, el edil de Oaxaca de Ju\u00e1rez, Oswaldo Garc\u00eda Jarqu\u00edn, no se hab\u00eda acercado a la zona para respaldar a los afectados.<\/p>\n","protected":false},"excerpt":{"rendered":"<p>Evlin Arag\u00f3n\/Zona Roja. Oaxaca de Ju\u00e1rez, Oax., 28 de mayo de 2020.- \u201cTodo se acab\u00f3,&hellip;<\/p>\n","protected":false},"author":2,"featured_media":12995,"comment_status":"closed","ping_status":"open","sticky":false,"template":"","format":"standard","meta":{"_lmt_disableupdate":"","_lmt_disable":"","_jetpack_memberships_contains_paid_content":false,"footnotes":""},"categories":[109,47],"tags":[1168],"class_list":["post-12994","post","type-post","status-publish","format-standard","has-post-thumbnail","hentry","category-minuto-a-minuto","category-zona-gris","tag-central-de-abasto-ciudad-de-oaxaca"],"jetpack_featured_media_url":"https:\/\/zonaroja.com.mx\/wp-content\/uploads\/2020\/05\/Central-de-Abasto-3.png","jetpack_sharing_enabled":true,"_links":{"self":[{"href":"https:\/\/zonaroja.com.mx\/index.php?rest_route=\/wp\/v2\/posts\/12994","targetHints":{"allow":["GET"]}}],"collection":[{"href":"https:\/\/zonaroja.com.mx\/index.php?rest_route=\/wp\/v2\/posts"}],"about":[{"href":"https:\/\/zonaroja.com.mx\/index.php?rest_route=\/wp\/v2\/types\/post"}],"author":[{"embeddable":true,"href":"https:\/\/zonaroja.com.mx\/index.php?rest_route=\/wp\/v2\/users\/2"}],"replies":[{"embeddable":true,"href":"https:\/\/zonaroja.com.mx\/index.php?rest_route=%2Fwp%2Fv2%2Fcomments&post=12994"}],"version-history":[{"count":1,"href":"https:\/\/zonaroja.com.mx\/index.php?rest_route=\/wp\/v2\/posts\/12994\/revisions"}],"predecessor-version":[{"id":12996,"href":"https:\/\/zonaroja.com.mx\/index.php?rest_route=\/wp\/v2\/posts\/12994\/revisions\/12996"}],"wp:featuredmedia":[{"embeddable":true,"href":"https:\/\/zonaroja.com.mx\/index.php?rest_route=\/wp\/v2\/media\/12995"}],"wp:attachment":[{"href":"https:\/\/zonaroja.com.mx\/index.php?rest_route=%2Fwp%2Fv2%2Fmedia&parent=12994"}],"wp:term":[{"taxonomy":"category","embeddable":true,"href":"https:\/\/zonaroja.com.mx\/index.php?rest_route=%2Fwp%2Fv2%2Fcategories&post=12994"},{"taxonomy":"post_tag","embeddable":true,"href":"https:\/\/zonaroja.com.mx\/index.php?rest_route=%2Fwp%2Fv2%2Ftags&post=12994"}],"curies":[{"name":"wp","href":"https:\/\/api.w.org\/{rel}","templated":true}]}}