{"id":12997,"date":"2020-05-28T15:13:24","date_gmt":"2020-05-28T20:13:24","guid":{"rendered":"http:\/\/www.zonaroja.com.mx\/?p=12997"},"modified":"2020-05-28T15:13:29","modified_gmt":"2020-05-28T20:13:29","slug":"congreso-de-oaxaca-pedira-a-diputados-federales-evitar-extincion-de-fonden","status":"publish","type":"post","link":"https:\/\/zonaroja.com.mx\/?p=12997","title":{"rendered":"Congreso de Oaxaca pedir\u00e1 a diputados federales evitar extinci\u00f3n de Fonden"},"content":{"rendered":"\n<p>Yuridiana\nSosa\/Zona Roja.<\/p>\n\n\n\n<p>Oaxaca de\nJu\u00e1rez, Oax., 27 de mayo de 2020.- A trav\u00e9s de una propuesta de exhorto, la 64 Legislatura\nde Oaxaca pedir\u00e1 al Congreso de la Uni\u00f3n desechar la iniciativa para la\ndesaparici\u00f3n del fidecomiso Fondo de Desastres Naturales (Fonden), como medida\nde soluci\u00f3n al impacto econ\u00f3mico en el pa\u00eds por la pandemia.<\/p>\n\n\n\n<p>El\ndiputado por Morena, Oth\u00f3n Cuevas C\u00f3rdova, present\u00f3 un punto de acuerdo de\nurgente y obvia resoluci\u00f3n para evitar el aval a dicho planteamiento presentado\na nivel federal, el pasado 20 de mayo.<\/p>\n\n\n\n<p>El legislador\nexpuso la importancia de conservar el Fonden como medida de apoyo, atenci\u00f3n y\nrecuperaci\u00f3n de los efectos, da\u00f1os, que produzca un fen\u00f3meno natural en las\nentidades federativas.<\/p>\n\n\n\n<p>Oaxaca,\ndijo, es uno de los estados que ha requerido en diversas ocasiones este apoyo\npor las afectaciones sufridas por distintos fen\u00f3menos.<\/p>\n\n\n\n<p>Por\nalgunos de los impactos, la Secretar\u00eda de Gobernaci\u00f3n emiti\u00f3 en 2018\nDeclaratorias de Emergencia para Oaxaca. El primero por presencia de sismo\nmagnitud 7.2 ocurrido el d\u00eda 16 de febrero de ese a\u00f1o con da\u00f1os en 33\nmunicipios.<\/p>\n\n\n\n<p>Cuatro\ndeclaratorias m\u00e1s por lluvia severa, granizada severa e inundaci\u00f3n pluvial en\nm\u00e1s de 90 de municipios, as\u00ed como se emitieron dos declaratorias por presencia\nde onda c\u00e1lida.<\/p>\n\n\n\n<p>Durante\nel 2019, report\u00f3 el legislador, la se emiti\u00f3 dos Declaratorias de Emergencia,\nuna por incendios forestales y la segunda por lluvia severa e inundaci\u00f3n\nfluvial en 21 en localidades.<\/p>\n\n\n\n<p>Para este\n2020, dijo, tambi\u00e9n se aprob\u00f3 la Declaratoria de Emergencia por sismo de\nmagnitud 6.0, registrado el 4 de enero, con afectaci\u00f3n en ocho municipios.<\/p>\n","protected":false},"excerpt":{"rendered":"<p>Yuridiana Sosa\/Zona Roja. Oaxaca de Ju\u00e1rez, Oax., 27 de mayo de 2020.- A trav\u00e9s de&hellip;<\/p>\n","protected":false},"author":2,"featured_media":12998,"comment_status":"closed","ping_status":"open","sticky":false,"template":"","format":"standard","meta":{"_lmt_disableupdate":"","_lmt_disable":"","_jetpack_memberships_contains_paid_content":false,"footnotes":""},"categories":[109,46],"tags":[1311],"class_list":["post-12997","post","type-post","status-publish","format-standard","has-post-thumbnail","hentry","category-minuto-a-minuto","category-zona-blanca","tag-othon-cuevas-cordova"],"jetpack_featured_media_url":"https:\/\/zonaroja.com.mx\/wp-content\/uploads\/2020\/05\/Oth\u00f3n-Cuevas.png","jetpack_sharing_enabled":true,"_links":{"self":[{"href":"https:\/\/zonaroja.com.mx\/index.php?rest_route=\/wp\/v2\/posts\/12997","targetHints":{"allow":["GET"]}}],"collection":[{"href":"https:\/\/zonaroja.com.mx\/index.php?rest_route=\/wp\/v2\/posts"}],"about":[{"href":"https:\/\/zonaroja.com.mx\/index.php?rest_route=\/wp\/v2\/types\/post"}],"author":[{"embeddable":true,"href":"https:\/\/zonaroja.com.mx\/index.php?rest_route=\/wp\/v2\/users\/2"}],"replies":[{"embeddable":true,"href":"https:\/\/zonaroja.com.mx\/index.php?rest_route=%2Fwp%2Fv2%2Fcomments&post=12997"}],"version-history":[{"count":1,"href":"https:\/\/zonaroja.com.mx\/index.php?rest_route=\/wp\/v2\/posts\/12997\/revisions"}],"predecessor-version":[{"id":12999,"href":"https:\/\/zonaroja.com.mx\/index.php?rest_route=\/wp\/v2\/posts\/12997\/revisions\/12999"}],"wp:featuredmedia":[{"embeddable":true,"href":"https:\/\/zonaroja.com.mx\/index.php?rest_route=\/wp\/v2\/media\/12998"}],"wp:attachment":[{"href":"https:\/\/zonaroja.com.mx\/index.php?rest_route=%2Fwp%2Fv2%2Fmedia&parent=12997"}],"wp:term":[{"taxonomy":"category","embeddable":true,"href":"https:\/\/zonaroja.com.mx\/index.php?rest_route=%2Fwp%2Fv2%2Fcategories&post=12997"},{"taxonomy":"post_tag","embeddable":true,"href":"https:\/\/zonaroja.com.mx\/index.php?rest_route=%2Fwp%2Fv2%2Ftags&post=12997"}],"curies":[{"name":"wp","href":"https:\/\/api.w.org\/{rel}","templated":true}]}}