{"id":13000,"date":"2020-05-28T16:15:33","date_gmt":"2020-05-28T21:15:33","guid":{"rendered":"http:\/\/www.zonaroja.com.mx\/?p=13000"},"modified":"2020-05-28T16:15:39","modified_gmt":"2020-05-28T21:15:39","slug":"irrita-a-locatarios-llegada-de-gobernador-y-edil-para-tomarse-la-foto-y-huir","status":"publish","type":"post","link":"https:\/\/zonaroja.com.mx\/?p=13000","title":{"rendered":"Irrita a locatarios llegada de gobernador y edil para tomarse la foto y huir"},"content":{"rendered":"\n<p>Yuridiana\nSosa\/Redacci\u00f3n.<\/p>\n\n\n\n<p>Oaxaca de\nJu\u00e1rez, Oax., 28 de mayo de 2020.- Una visita de cinco minutos del gobernador\nde Oaxaca y el edil capitalino para grabar un video, irrit\u00f3 a los comerciantes\ndel Mercado de Abasto, lo que gener\u00f3 reclamos y bloqueos a vialidades.<\/p>\n\n\n\n<p>Tras m\u00e1s\nde 14 horas de combate al fuego, los afectados arribaron a la zona comercial\npara intentar recuperar sus pertenencias, pero pr\u00e1cticamente todo qued\u00f3\nconsumido, principalmente en la zona de ropa y art\u00edculos de artesan\u00edas.<\/p>\n\n\n\n<p>Al\nmediod\u00eda de este jueves, bajo un fuerte operativo de seguridad, arribaron el\nmandatario Alejandro Murat y el edil Oswaldo Garc\u00eda Jarqu\u00edn.<\/p>\n\n\n\n<p>Pero fue,\nm\u00e1s que para reunirse con los comerciantes, para emitir una declaraci\u00f3n, en que\nel gobernador anunci\u00f3 un apoyo de 100 millones de pesos para rehabilitar\nespacios.<\/p>\n\n\n\n<p>Luego de ello,\nde inmediato se retiraron de la zona, sin ingresar a supervisar el \u00e1rea de\nlocales afectados por el siniestro.<\/p>\n\n\n\n<p>Apenas sal\u00edan los comerciantes a buscar a las autoridades, cuando \u00e9stas ya se hab\u00edan retirado.<\/p>\n\n\n\n<figure class=\"wp-block-image\"><img decoding=\"async\" width=\"360\" height=\"203\" src=\"http:\/\/www.zonaroja.com.mx\/wp-content\/uploads\/2020\/05\/Alejandro-Murat-video.jpg\" alt=\"\" class=\"wp-image-13002\" srcset=\"https:\/\/zonaroja.com.mx\/wp-content\/uploads\/2020\/05\/Alejandro-Murat-video.jpg 360w, https:\/\/zonaroja.com.mx\/wp-content\/uploads\/2020\/05\/Alejandro-Murat-video-300x169.jpg 300w\" sizes=\"(max-width: 360px) 100vw, 360px\" \/><\/figure>\n\n\n\n<p>INICIAN\nBLOQUEOS<\/p>\n\n\n\n<p>De\ninmediato, un grupo de ellos sali\u00f3 al Perif\u00e9rico para apoderarse de al menos\ncuatro camiones del transporte de pasajeros e iniciar un bloqueo, a fin de\nexigir un di\u00e1logo con las autoridades.<\/p>\n\n\n\n<p>Tras ello\napareci\u00f3 otro grupo, presuntamente de \u201ccholos\u201d, que comenz\u00f3 a hacer desmanes, a\ngolpear a algunas personas y saquear una tienda \u201cPitic\u00f3\u201d, sobre la avenida Central.<\/p>\n\n\n\n<p>La situaci\u00f3n se comenzaba a salir de control cuando apareci\u00f3 otro grupo de comerciantes, liderados por Estela Mendoza, para pedir a sus compa\u00f1eros el retiro del bloqueo, lo cual sucedi\u00f3 despu\u00e9s de las tres de la tarde. Tras ello, ingres\u00f3 la polic\u00eda para hacer rondines y buscar probables delincuentes; pese a persecuciones, no hubo detenidos.<\/p>\n\n\n\n<figure class=\"wp-block-embed-twitter wp-block-embed is-type-rich is-provider-twitter\"><div class=\"wp-block-embed__wrapper\">\n<div class=\"twitter-tweet\"><blockquote class=\"twitter-tweet\" data-lang=\"es\"><p lang=\"es\" dir=\"ltr\"><a href=\"https:\/\/twitter.com\/hashtag\/%C3%9AltimoMinuto?src=hash&amp;ref_src=twsrc%5Etfw\">#\u00daltimoMinuto<\/a> <br>\u201cQue no corran como pinches cobardes&#8230; valen para pura madr&#8230; mientras nosotros tragando v&#8230;, ellos bien, nuestros hijos muriendo de hambre\u201d&#8230; As\u00ed la irritaci\u00f3n de comerciantes tras el retiro inmediato del gobernador <a href=\"https:\/\/twitter.com\/alejandromurat?ref_src=twsrc%5Etfw\">@alejandromurat<\/a> y el edil <a href=\"https:\/\/twitter.com\/oswaldogarciaj?ref_src=twsrc%5Etfw\">@oswaldogarciaj<\/a>. <a href=\"https:\/\/t.co\/6bMulXzB4p\">pic.twitter.com\/6bMulXzB4p<\/a><\/p>&mdash; Zona Roja Oaxaca (@MexRoja) <a href=\"https:\/\/twitter.com\/MexRoja\/status\/1266084951826419712?ref_src=twsrc%5Etfw\">28 de mayo de 2020<\/a><\/blockquote><\/div>\n<\/div><\/figure>\n\n\n\n<p>EXIGEN\nAPOYO<\/p>\n\n\n\n<p>Previo a\nello, en conferencia de prensa, comerciantes de la Central de Abasto exigieron\nal gobierno estatal y municipal de la capital obras de rehabilitaci\u00f3n para la\nzona da\u00f1ada con el incendio registrado la noche de este mi\u00e9rcoles.<\/p>\n\n\n\n<p>Los\nintegrantes del Frente de Comercios Establecidos del mercado demandaron a las\nautoridades la aplicaci\u00f3n de recursos, supuestamente ya destinados para obras\nen el lugar, en las \u00e1reas afectadas con el siniestro.<\/p>\n\n\n\n<p>En un recorrido durante la ma\u00f1ana de este jueves, los comerciantes determinaron de forma preliminar afectaciones para 145 comerciantes, entre quienes registran p\u00e9rdidas parciales y totales de sus productos.<\/p>\n\n\n\n<figure class=\"wp-block-embed-twitter wp-block-embed is-type-rich is-provider-twitter\"><div class=\"wp-block-embed__wrapper\">\n<div class=\"twitter-tweet\"><blockquote class=\"twitter-tweet\" data-lang=\"es\"><p lang=\"es\" dir=\"ltr\"><a href=\"https:\/\/twitter.com\/hashtag\/%C3%9AltimoMinuto?src=hash&amp;ref_src=twsrc%5Etfw\">#\u00daltimoMinuto<\/a> <br>Tras el incendio en locales del Mercado de Abasto de la ciudad de Oaxaca, locatarios reclaman a la directora del recinto, <a href=\"https:\/\/twitter.com\/AquinoAlavez?ref_src=twsrc%5Etfw\">@AquinoAlavez<\/a> la nula atenci\u00f3n a las graves deficiencias en ese sitio. <a href=\"https:\/\/t.co\/hHHaEMtePT\">pic.twitter.com\/hHHaEMtePT<\/a><\/p>&mdash; Zona Roja Oaxaca (@MexRoja) <a href=\"https:\/\/twitter.com\/MexRoja\/status\/1266066840494592001?ref_src=twsrc%5Etfw\">28 de mayo de 2020<\/a><\/blockquote><\/div>\n<\/div><\/figure>\n\n\n\n<p>El\npresidente del frente, Jos\u00e9 Luis D\u00edaz Cabrera, asegur\u00f3 que las obras que exigen\nson parte de un plan que mejoras para la central que ya se gestion\u00f3 con\nanterioridad con el gobierno municipal y el estatal.<\/p>\n\n\n\n<p>Respecto\na la causa del incendio, indicaron que no realizar\u00e1n se\u00f1alamientos entre los\npropios comerciantes, pues ser\u00e1 la Fiscal\u00eda General de Oaxaca la que determine\nel motivo, por lo que ya se presentan las declaraciones correspondientes en el\ncaso.<\/p>\n\n\n\n<p>En tanto,\notros comerciantes exigieron que el gobierno municipal de Oswaldo Garc\u00eda\nJarqu\u00edn pague servicios e insumos que a ra\u00edz de la contingencia por Covid-19 y\nahora del incendio les es imposible cubrir, como son de energ\u00eda el\u00e9ctrica y\nagua.<\/p>\n\n\n\n<p>Hasta la tarde de hoy, autoridades municipales manten\u00edan el di\u00e1logo con los afectados por el incendio, para buscar la forma de apoyarles.<\/p>\n\n\n\n<figure class=\"wp-block-embed-twitter wp-block-embed is-type-rich is-provider-twitter\"><div class=\"wp-block-embed__wrapper\">\n<div class=\"twitter-tweet\"><blockquote class=\"twitter-tweet\" data-lang=\"es\"><p lang=\"es\" dir=\"ltr\"><a href=\"https:\/\/twitter.com\/hashtag\/%C3%9AltimoMinuto?src=hash&amp;ref_src=twsrc%5Etfw\">#\u00daltimoMinuto<\/a> <br>La irritaci\u00f3n de los comerciantes crece ante lo que consideran burla de autoridades estatales y municipales por una visita de cinco minutos al exterior del Mercado de Abasto. <br>Se apoderan de m\u00e1s autobuses, reportan saqueo a una tienda y no hay polic\u00edas en la zona. <a href=\"https:\/\/t.co\/QvwVDVuUIC\">pic.twitter.com\/QvwVDVuUIC<\/a><\/p>&mdash; Zona Roja Oaxaca (@MexRoja) <a href=\"https:\/\/twitter.com\/MexRoja\/status\/1266096533713367041?ref_src=twsrc%5Etfw\">28 de mayo de 2020<\/a><\/blockquote><\/div>\n<\/div><\/figure>\n","protected":false},"excerpt":{"rendered":"<p>Yuridiana Sosa\/Redacci\u00f3n. Oaxaca de Ju\u00e1rez, Oax., 28 de mayo de 2020.- Una visita de cinco&hellip;<\/p>\n","protected":false},"author":2,"featured_media":13001,"comment_status":"closed","ping_status":"open","sticky":false,"template":"","format":"standard","meta":{"_lmt_disableupdate":"","_lmt_disable":"","_jetpack_memberships_contains_paid_content":false,"footnotes":""},"categories":[109,47],"tags":[1168],"class_list":["post-13000","post","type-post","status-publish","format-standard","has-post-thumbnail","hentry","category-minuto-a-minuto","category-zona-gris","tag-central-de-abasto-ciudad-de-oaxaca"],"jetpack_featured_media_url":"https:\/\/zonaroja.com.mx\/wp-content\/uploads\/2020\/05\/Mercado-de-Abasto-4.jpg","jetpack_sharing_enabled":true,"_links":{"self":[{"href":"https:\/\/zonaroja.com.mx\/index.php?rest_route=\/wp\/v2\/posts\/13000","targetHints":{"allow":["GET"]}}],"collection":[{"href":"https:\/\/zonaroja.com.mx\/index.php?rest_route=\/wp\/v2\/posts"}],"about":[{"href":"https:\/\/zonaroja.com.mx\/index.php?rest_route=\/wp\/v2\/types\/post"}],"author":[{"embeddable":true,"href":"https:\/\/zonaroja.com.mx\/index.php?rest_route=\/wp\/v2\/users\/2"}],"replies":[{"embeddable":true,"href":"https:\/\/zonaroja.com.mx\/index.php?rest_route=%2Fwp%2Fv2%2Fcomments&post=13000"}],"version-history":[{"count":1,"href":"https:\/\/zonaroja.com.mx\/index.php?rest_route=\/wp\/v2\/posts\/13000\/revisions"}],"predecessor-version":[{"id":13003,"href":"https:\/\/zonaroja.com.mx\/index.php?rest_route=\/wp\/v2\/posts\/13000\/revisions\/13003"}],"wp:featuredmedia":[{"embeddable":true,"href":"https:\/\/zonaroja.com.mx\/index.php?rest_route=\/wp\/v2\/media\/13001"}],"wp:attachment":[{"href":"https:\/\/zonaroja.com.mx\/index.php?rest_route=%2Fwp%2Fv2%2Fmedia&parent=13000"}],"wp:term":[{"taxonomy":"category","embeddable":true,"href":"https:\/\/zonaroja.com.mx\/index.php?rest_route=%2Fwp%2Fv2%2Fcategories&post=13000"},{"taxonomy":"post_tag","embeddable":true,"href":"https:\/\/zonaroja.com.mx\/index.php?rest_route=%2Fwp%2Fv2%2Ftags&post=13000"}],"curies":[{"name":"wp","href":"https:\/\/api.w.org\/{rel}","templated":true}]}}