{"id":13004,"date":"2020-05-28T16:33:45","date_gmt":"2020-05-28T21:33:45","guid":{"rendered":"http:\/\/www.zonaroja.com.mx\/?p=13004"},"modified":"2020-05-28T16:33:49","modified_gmt":"2020-05-28T21:33:49","slug":"legisladoras-y-funcionarias-de-la-4t-denuncian-actuar-de-edil-capitalino","status":"publish","type":"post","link":"https:\/\/zonaroja.com.mx\/?p=13004","title":{"rendered":"Legisladoras y funcionarias de la 4T denuncian actuar de edil capitalino"},"content":{"rendered":"\n<p>Evlin\nArag\u00f3n\/Zona Roja.<\/p>\n\n\n\n<p>Oaxaca de\nJu\u00e1rez, Oax., 28 de mayo de 2020.- Luego de la destituci\u00f3n injustificada de la\ndirectora del Instituto Municipal de la Mujeres de Oaxaca de Ju\u00e1rez, Jaquelina\nEscamilla Villanueva, por parte del edil Oswaldo Garc\u00eda Jarqu\u00edn, funcionarias y\nlegisladoras de la 4T se pronunciaron en contra de la acci\u00f3n que a todas luces\ndescribieron como una muestra de violencia de g\u00e9nero, en sus modalidades de\npol\u00edtica e institucional.<\/p>\n\n\n\n<p>El\nInstituto Nacional de la Mujeres (Inmujeres) conden\u00f3 la violencia pol\u00edtica por\nraz\u00f3n de g\u00e9nero que el mun\u00edcipe ejerci\u00f3 en contra la funcionaria y anunciaron\nsu apoyo total y solidaridad, a la par que se comprometieron a dar seguimiento\na su caso para hacer justicia.<\/p>\n\n\n\n<p>La\ntitular de la instancia, Nadine Gasman, manifest\u00f3 que ninguna autoridad debe\nobstaculizar los derechos de las mujeres y se solidariz\u00f3 ante la violencia\nejercida por el responsable de la administraci\u00f3n p\u00fablica municipal en la\ncapital del estado.<\/p>\n\n\n\n<p>\u201cMe\nsolidariz\u00f3 con Jaquelina Escamilla, directora del Instituto Municipal de la\nMujer en Oaxaca, por la violencia pol\u00edtica ejercida en su contra por parte del\ntitular del ayuntamiento. Ninguna autoridad debe obstaculizar los derechos de\nlas mujeres. #NoEstasSola\u201d, public\u00f3 en sus redes sociales. <\/p>\n\n\n\n<p>Por su\nparte la senadora por Morena, Citlalli Hern\u00e1ndez Mora, lament\u00f3 que en pleno\nsiglo XXI las autoridades tomen decisiones en funci\u00f3n de presiones religiosa y\nretrogradas que se oponen a los derechos de las mujeres; as\u00ed mismo que se\ncometa una injusticia contra quien ha realizado un trabajo objetivo, con base\nen la ley.<\/p>\n\n\n\n<p>\u201cHace\nunos d\u00edas Jaquelina Escamilla, presidenta del Instituto Municipal de la Mujer\ndel @MunicipioOaxaca me invit\u00f3 a una charla sobre el derecho a decidir de las\nmujeres. Los grupos anti derechos de inmediato presionaron. Me entere hace rato\nque @oswaldogarciaj la ha despedido\u201d, manifest\u00f3.<\/p>\n\n\n\n<p>Este\nmensaje fue respaldado por Er\u00e9ndira Cruzvillegas Fuentes, quien actualmente es\njefa de Unidad de Asuntos Jur\u00eddicos de la Secretar\u00eda de Cultura, quien se\u00f1alo\nque la hoy ex funcionaria municipal cuenta con todo su apoyo.<\/p>\n\n\n\n<p>Las\ndiputadas locales Eliza Zepeda Lagunas e Hilda P\u00e9rez Luis expresaron su\nsolidaridad hacia la ex funcionaria: la primera solicit\u00f3 la intervenci\u00f3n de la\nDefensor\u00eda de los Derechos Humanos del Pueblo de Oaxaca (Ddhpo) y a la Fiscal\u00eda\ndel Estado para garantizar la integridad luego de que la v\u00edctima denunciara\namenazas y destituci\u00f3n injustificada; mientras que la segunda exhort\u00f3 al edil a\nno consumar actos de violencia en contra de las mujeres.<\/p>\n\n\n\n<p>\u201cAnte la\ndeclaraci\u00f3n hecha por @JaqueEscamilla le expreso mi total respaldo y sororidad,\nno podemos permitir m\u00e1s actos de violencia pol\u00edtica e institucional contra las\nmujeres. Hago un llamado al Pdte. Mpal. Oswaldo Garc\u00eda Jarqu\u00edn, para que evite\ncualquier forma de violencia\u00bb. refiri\u00f3 en su cuenta de Twitter.<\/p>\n\n\n\n<p>Finalmente,\ndecenas de activistas e integrantes de la sociedad civil, dentro de ellas el\nGrupo de Estudios sobre la Mujer (GESmujer), lamentaron que la violencia en\ncontra de la funcionaria venga desde dentro de la administraci\u00f3n p\u00fablica y peor\na\u00fan de quien la encabeza, a la par que exigieron que est\u00e1 sea resarcida y\nsancionada.<\/p>\n","protected":false},"excerpt":{"rendered":"<p>Evlin Arag\u00f3n\/Zona Roja. Oaxaca de Ju\u00e1rez, Oax., 28 de mayo de 2020.- Luego de la&hellip;<\/p>\n","protected":false},"author":2,"featured_media":13005,"comment_status":"closed","ping_status":"open","sticky":false,"template":"","format":"standard","meta":{"_lmt_disableupdate":"","_lmt_disable":"","_jetpack_memberships_contains_paid_content":false,"footnotes":""},"categories":[109,47],"tags":[244],"class_list":["post-13004","post","type-post","status-publish","format-standard","has-post-thumbnail","hentry","category-minuto-a-minuto","category-zona-gris","tag-jaqueline-escamilla-villanueva"],"jetpack_featured_media_url":"https:\/\/zonaroja.com.mx\/wp-content\/uploads\/2020\/05\/Jaqueline-Escamilla-2.jpg","jetpack_sharing_enabled":true,"_links":{"self":[{"href":"https:\/\/zonaroja.com.mx\/index.php?rest_route=\/wp\/v2\/posts\/13004","targetHints":{"allow":["GET"]}}],"collection":[{"href":"https:\/\/zonaroja.com.mx\/index.php?rest_route=\/wp\/v2\/posts"}],"about":[{"href":"https:\/\/zonaroja.com.mx\/index.php?rest_route=\/wp\/v2\/types\/post"}],"author":[{"embeddable":true,"href":"https:\/\/zonaroja.com.mx\/index.php?rest_route=\/wp\/v2\/users\/2"}],"replies":[{"embeddable":true,"href":"https:\/\/zonaroja.com.mx\/index.php?rest_route=%2Fwp%2Fv2%2Fcomments&post=13004"}],"version-history":[{"count":1,"href":"https:\/\/zonaroja.com.mx\/index.php?rest_route=\/wp\/v2\/posts\/13004\/revisions"}],"predecessor-version":[{"id":13006,"href":"https:\/\/zonaroja.com.mx\/index.php?rest_route=\/wp\/v2\/posts\/13004\/revisions\/13006"}],"wp:featuredmedia":[{"embeddable":true,"href":"https:\/\/zonaroja.com.mx\/index.php?rest_route=\/wp\/v2\/media\/13005"}],"wp:attachment":[{"href":"https:\/\/zonaroja.com.mx\/index.php?rest_route=%2Fwp%2Fv2%2Fmedia&parent=13004"}],"wp:term":[{"taxonomy":"category","embeddable":true,"href":"https:\/\/zonaroja.com.mx\/index.php?rest_route=%2Fwp%2Fv2%2Fcategories&post=13004"},{"taxonomy":"post_tag","embeddable":true,"href":"https:\/\/zonaroja.com.mx\/index.php?rest_route=%2Fwp%2Fv2%2Ftags&post=13004"}],"curies":[{"name":"wp","href":"https:\/\/api.w.org\/{rel}","templated":true}]}}