{"id":13007,"date":"2020-05-28T18:25:45","date_gmt":"2020-05-28T23:25:45","guid":{"rendered":"http:\/\/www.zonaroja.com.mx\/?p=13007"},"modified":"2020-05-28T18:25:48","modified_gmt":"2020-05-28T23:25:48","slug":"aprueba-congreso-paridad-entre-mujeres-y-hombres-en-municipios-indigenas","status":"publish","type":"post","link":"https:\/\/zonaroja.com.mx\/?p=13007","title":{"rendered":"Aprueba Congreso paridad entre mujeres y hombres en municipios ind\u00edgenas"},"content":{"rendered":"\n<p>Redacci\u00f3n\/Zona\nRoja.<\/p>\n\n\n\n<p>Oaxaca de\nJu\u00e1rez, Oax., 28 de mayo de 2020.- Con 30 votos a favor y ninguno en contra, el\nCongreso del Estado de Oaxaca aprob\u00f3 este jueves una serie de reformas a la ley\nelectoral, que garantizar\u00e1n la participaci\u00f3n paritaria de las mujeres en las\nelecciones municipales, incluso en los ayuntamientos que se rigen bajo sistemas\nnormativos ind\u00edgenas.<\/p>\n\n\n\n<p>\u201cSe trata\nde acelerar el logro de la igualdad sustantiva en un espacio en el que es\nevidente que las mujeres encuentran en situaci\u00f3n de desventaja\u201d, expres\u00f3 la\ndiputada Magaly L\u00f3pez Dom\u00ednguez, promotora de la reforma a la fracci\u00f3n XIX del\nart\u00edculo 32 de la Ley de Instituciones Pol\u00edticas y Procedimientos Electorales,\nque en el paquete legislativo pas\u00f3 a ser la fracci\u00f3n XX.<\/p>\n\n\n\n<p>La\nlegisladora explic\u00f3 que la Constituci\u00f3n mexicana y la local, as\u00ed como la propia\nley electoral, ya enuncian desde hace tiempo que los sistemas normativos\nind\u00edgenas deben garantizar el respeto a los derechos de las mujeres a votar,\nser votadas y ejercer los cargos para los que fuesen electas, pero en la\nrealidad ello todav\u00eda no ocurre.<\/p>\n\n\n\n<p>\u201cDe los\n417 municipios ind\u00edgenas que se rigen bajo sus propios sistemas normativos,\nsolamente en 20 hay presidentas municipales, esto es, en menos de cinco por\nciento de esos ayuntamientos\u201d, dijo.<\/p>\n\n\n\n<p>Seg\u00fan\ndatos presentados este a\u00f1o por el IEEPCO, en 137 municipios ind\u00edgenas habr\u00e1\ncabildos paritarios; sobre ello, la legisladora consider\u00f3 un oprobio que suceda\nen s\u00f3lo 32% de los municipios, despu\u00e9s de m\u00e1s de 70 a\u00f1os del reconocimiento\nconstitucional de los derechos pol\u00edtico-electorales de las mujeres en M\u00e9xico.<\/p>\n\n\n\n<p>Se\u00f1al\u00f3\nque el \u00fanico mecanismo para garantizar que se cumpla con la paridad en los\nmunicipios ind\u00edgenas, es la calificaci\u00f3n de la elecci\u00f3n que realiza el IEEPCO,\npero la ley electoral, en contrario a lo que establecen la Constituci\u00f3n y la\npropia ley, en lugar de garantizar, dice que validar\u00e1 la elecci\u00f3n \u201cprocurando\nla progresividad en la paridad entre mujeres y hombres\u201d.<\/p>\n\n\n\n<p>\u201cEste\ndesprop\u00f3sito normativo es el que superamos hoy en esta votaci\u00f3n\u201d, dijo.&nbsp; As\u00ed, mediante la reforma, ser\u00e1 obligaci\u00f3n del\nIEEPCO tomar en cuenta la paridad entre mujeres y hombres para reconocer y\nvalidar las elecciones bajo sistemas normativos ind\u00edgenas.<\/p>\n\n\n\n<p>Agreg\u00f3\nque se prev\u00e9 una aplicaci\u00f3n paulatina de la reforma, pues el art\u00edculo tercero\ntransitorio establece que en las siguientes elecciones se deber\u00e1 avanzar en ese\nprop\u00f3sito, hasta alcanzarlo cabalmente en el a\u00f1o 2023.<\/p>\n\n\n\n<p>\u201cEn 2023\nser\u00e1 cuando todos los municipios de Oaxaca deber\u00e1n tener cabildos paritarios\u201d,\ndestac\u00f3.<\/p>\n\n\n\n<p>Expuso que\nesa medida est\u00e1 alineada con el derecho internacional de los derechos humanos,\ny con las diversas recomendaciones en materia de derechos humanos de las\nmujeres que han emitido organismos internacionales de los que M\u00e9xico forma\nparte, tanto generales como dirigidos espec\u00edficamente a nuestro pa\u00eds.<\/p>\n\n\n\n<p>\u201cNo\ngarantizar la paridad en los municipios ind\u00edgenas, es negar a la gran mayor\u00eda\nde las mujeres oaxaque\u00f1as los derechos pol\u00edticos\u201d, concluy\u00f3.<\/p>\n","protected":false},"excerpt":{"rendered":"<p>Redacci\u00f3n\/Zona Roja. Oaxaca de Ju\u00e1rez, Oax., 28 de mayo de 2020.- Con 30 votos a&hellip;<\/p>\n","protected":false},"author":2,"featured_media":13008,"comment_status":"closed","ping_status":"open","sticky":false,"template":"","format":"standard","meta":{"_lmt_disableupdate":"","_lmt_disable":"","_jetpack_memberships_contains_paid_content":false,"footnotes":""},"categories":[109,47],"tags":[192],"class_list":["post-13007","post","type-post","status-publish","format-standard","has-post-thumbnail","hentry","category-minuto-a-minuto","category-zona-gris","tag-diputada-magaly-lopez-dominguez"],"jetpack_featured_media_url":"https:\/\/zonaroja.com.mx\/wp-content\/uploads\/2020\/05\/Magaly-L\u00f3pez.jpeg","jetpack_sharing_enabled":true,"_links":{"self":[{"href":"https:\/\/zonaroja.com.mx\/index.php?rest_route=\/wp\/v2\/posts\/13007","targetHints":{"allow":["GET"]}}],"collection":[{"href":"https:\/\/zonaroja.com.mx\/index.php?rest_route=\/wp\/v2\/posts"}],"about":[{"href":"https:\/\/zonaroja.com.mx\/index.php?rest_route=\/wp\/v2\/types\/post"}],"author":[{"embeddable":true,"href":"https:\/\/zonaroja.com.mx\/index.php?rest_route=\/wp\/v2\/users\/2"}],"replies":[{"embeddable":true,"href":"https:\/\/zonaroja.com.mx\/index.php?rest_route=%2Fwp%2Fv2%2Fcomments&post=13007"}],"version-history":[{"count":1,"href":"https:\/\/zonaroja.com.mx\/index.php?rest_route=\/wp\/v2\/posts\/13007\/revisions"}],"predecessor-version":[{"id":13009,"href":"https:\/\/zonaroja.com.mx\/index.php?rest_route=\/wp\/v2\/posts\/13007\/revisions\/13009"}],"wp:featuredmedia":[{"embeddable":true,"href":"https:\/\/zonaroja.com.mx\/index.php?rest_route=\/wp\/v2\/media\/13008"}],"wp:attachment":[{"href":"https:\/\/zonaroja.com.mx\/index.php?rest_route=%2Fwp%2Fv2%2Fmedia&parent=13007"}],"wp:term":[{"taxonomy":"category","embeddable":true,"href":"https:\/\/zonaroja.com.mx\/index.php?rest_route=%2Fwp%2Fv2%2Fcategories&post=13007"},{"taxonomy":"post_tag","embeddable":true,"href":"https:\/\/zonaroja.com.mx\/index.php?rest_route=%2Fwp%2Fv2%2Ftags&post=13007"}],"curies":[{"name":"wp","href":"https:\/\/api.w.org\/{rel}","templated":true}]}}