{"id":13010,"date":"2020-05-28T19:45:06","date_gmt":"2020-05-29T00:45:06","guid":{"rendered":"http:\/\/www.zonaroja.com.mx\/?p=13010"},"modified":"2020-05-28T19:45:10","modified_gmt":"2020-05-29T00:45:10","slug":"oaxaca-con-dos-defunciones-maternas-por-covid-19-son-11-las-afectadas","status":"publish","type":"post","link":"https:\/\/zonaroja.com.mx\/?p=13010","title":{"rendered":"Oaxaca con dos defunciones maternas por Covid-19; son 11 las afectadas"},"content":{"rendered":"\n<p>Yuridiana\nSosa\/Zona Roja.<\/p>\n\n\n\n<p>Oaxaca de\nJu\u00e1rez, Oax., 28 de mayo de 2020.- En el transcurso de la pandemia por\ncoronavirus en la entidad, al corte de este 28 de mayo, 11 mujeres embarazadas\nhan sido diagnosticadas con este virus, de las que dos perdieron la vida debido\na complicaciones de la enfermedad.<\/p>\n\n\n\n<p>As\u00ed lo\nconfirm\u00f3 el jefe de la Coordinaci\u00f3n Estatal de Salud Materna y Perinatal de los\nServicios de Salud de Oaxaca, Teodoro Luis Garc\u00eda Rojas, quien agreg\u00f3 que uno\nde los beb\u00e9s naci\u00f3 libre de contagio, mientras que el otro perdi\u00f3 la vida d\u00edas\ndespu\u00e9s a su nacimiento y est\u00e1 en v\u00edas de conocerse los resultados de\nlaboratorio en relaci\u00f3n al virus.<\/p>\n\n\n\n<p>Los casos\nde las mujeres que murieron v\u00edctimas de Covid-19 se registraron en la regi\u00f3n\nMixteca, donde se detect\u00f3 un caso m\u00e1s, que hasta el momento se reporta como\nestable.<\/p>\n\n\n\n<p>Garc\u00eda\nRojas detall\u00f3 que de los 11 casos registrados, siete ya fueron dados de alta,\ndos m\u00e1s se encuentran en aislamiento domiciliario, mientras que dos\ncorresponden a las muertes maternas.<\/p>\n\n\n\n<p>Por\nJurisdicciones Sanitaria , en Valles Centrales se presentaron tres casos, los\ncuales se ubicaron en los municipios de Cuil\u00e1pam de Guerrero, San Pablo Etla y\nVilla de Zaachila. La misma cifra en la Mixtaca con dos caso en Huajuapan de\nLe\u00f3n y uno en Coicoy\u00e1n de las Flores.<\/p>\n\n\n\n<p>En el\nIstmo se registraron dos casos, con residencia en San Blas Atempa y San Juan\nCotzoc\u00f3n. Mientras que en la Jurisdicci\u00f3n 3 de Tuxtepec, son dos casos ubicados\nen el municipio de San Juan Bautista Tuxtepec. Adem\u00e1s, en la Jurisdicci\u00f3n de la\nCosta un caso en el municipio de San Juan Colorado.<\/p>\n\n\n\n<p>El m\u00e9dico\nindic\u00f3 que las mujeres presentaron un periodo de gestaci\u00f3n entre los cinco y\nsiete meses.<\/p>\n\n\n\n<p>Recomend\u00f3\na las futuras madres extremar medidas preventivas durante el pico de la\ncontingencia en Oaxaca, as\u00ed como tomar en cuenta que mientras no presenten\ndificultades para respirar deben permanecer en casa ante cualquier otro\nmalestar como fiebre, dolor de garganta y tos, y dar aviso a las autoridades\nm\u00e9dicas para dar un seguimiento.<\/p>\n","protected":false},"excerpt":{"rendered":"<p>Yuridiana Sosa\/Zona Roja. Oaxaca de Ju\u00e1rez, Oax., 28 de mayo de 2020.- En el transcurso&hellip;<\/p>\n","protected":false},"author":2,"featured_media":13011,"comment_status":"closed","ping_status":"open","sticky":false,"template":"","format":"standard","meta":{"_lmt_disableupdate":"","_lmt_disable":"","_jetpack_memberships_contains_paid_content":false,"footnotes":""},"categories":[109,47],"tags":[1512,1005],"class_list":["post-13010","post","type-post","status-publish","format-standard","has-post-thumbnail","hentry","category-minuto-a-minuto","category-zona-gris","tag-coronavirus-oaxaca","tag-servicios-de-salud-de-oaxaca-sso"],"jetpack_featured_media_url":"https:\/\/zonaroja.com.mx\/wp-content\/uploads\/2020\/05\/Beb\u00e9-coronavirus.jpeg","jetpack_sharing_enabled":true,"_links":{"self":[{"href":"https:\/\/zonaroja.com.mx\/index.php?rest_route=\/wp\/v2\/posts\/13010","targetHints":{"allow":["GET"]}}],"collection":[{"href":"https:\/\/zonaroja.com.mx\/index.php?rest_route=\/wp\/v2\/posts"}],"about":[{"href":"https:\/\/zonaroja.com.mx\/index.php?rest_route=\/wp\/v2\/types\/post"}],"author":[{"embeddable":true,"href":"https:\/\/zonaroja.com.mx\/index.php?rest_route=\/wp\/v2\/users\/2"}],"replies":[{"embeddable":true,"href":"https:\/\/zonaroja.com.mx\/index.php?rest_route=%2Fwp%2Fv2%2Fcomments&post=13010"}],"version-history":[{"count":1,"href":"https:\/\/zonaroja.com.mx\/index.php?rest_route=\/wp\/v2\/posts\/13010\/revisions"}],"predecessor-version":[{"id":13012,"href":"https:\/\/zonaroja.com.mx\/index.php?rest_route=\/wp\/v2\/posts\/13010\/revisions\/13012"}],"wp:featuredmedia":[{"embeddable":true,"href":"https:\/\/zonaroja.com.mx\/index.php?rest_route=\/wp\/v2\/media\/13011"}],"wp:attachment":[{"href":"https:\/\/zonaroja.com.mx\/index.php?rest_route=%2Fwp%2Fv2%2Fmedia&parent=13010"}],"wp:term":[{"taxonomy":"category","embeddable":true,"href":"https:\/\/zonaroja.com.mx\/index.php?rest_route=%2Fwp%2Fv2%2Fcategories&post=13010"},{"taxonomy":"post_tag","embeddable":true,"href":"https:\/\/zonaroja.com.mx\/index.php?rest_route=%2Fwp%2Fv2%2Ftags&post=13010"}],"curies":[{"name":"wp","href":"https:\/\/api.w.org\/{rel}","templated":true}]}}