{"id":13013,"date":"2020-05-28T20:29:44","date_gmt":"2020-05-29T01:29:44","guid":{"rendered":"http:\/\/www.zonaroja.com.mx\/?p=13013"},"modified":"2020-05-28T20:29:47","modified_gmt":"2020-05-29T01:29:47","slug":"aprueba-congreso-anular-eleccion-cuando-se-acredite-violencia-politica-contra-mujeres","status":"publish","type":"post","link":"https:\/\/zonaroja.com.mx\/?p=13013","title":{"rendered":"Aprueba Congreso anular elecci\u00f3n cuando se acredite violencia pol\u00edtica contra mujeres"},"content":{"rendered":"\n<p>Redacci\u00f3n\/Zona\nRoja.<\/p>\n\n\n\n<p>Oaxaca de\nJu\u00e1rez, Oax. 28 de mayo de 2020.- En sesi\u00f3n extraordinaria, el pleno de la 64 Legislatura\ndel Congreso de Oaxaca, aprob\u00f3 hoy con la mayor\u00eda de votos de los asistentes,\nun paquete de reformas para garantizar la participaci\u00f3n de las mujeres en\nprocesos electorales, y en su caso, sancionar actos de violencia pol\u00edtica por\nraz\u00f3n de g\u00e9nero.<\/p>\n\n\n\n<p>Al\naprobar reformas y adiciones al Art\u00edculo 114 Bis de la Constituci\u00f3n Pol\u00edtica\ndel Estado de Oaxaca, y al art\u00edculo 9 de la Ley de Instituciones y\nProcedimientos Electorales del Estado, qued\u00f3 establecida como causal para\ndecretar la nulidad de una elecci\u00f3n, cuando se acredite violencia pol\u00edtica en\nraz\u00f3n de g\u00e9nero, siempre y cuando el candidato que cometi\u00f3 el acto haya\nresultado ganador.<\/p>\n\n\n\n<p>En este\nmismo tenor, la representaci\u00f3n popular reform\u00f3 la Ley Estatal de Acceso de las\nMujeres a una Vida Libre de Violencia, con el objetivo de regular hechos y\nconductas que, tradicionalmente, no fueron contempladas o sancionadas por la\nLey.<\/p>\n\n\n\n<p>Tambi\u00e9n,\notorga facultades adicionales a la Fiscal\u00eda General del Estado (FGEO), al\nInstituto Estatal Electoral y de Participaci\u00f3n Ciudadana (IEEPCO) y al Tribunal\nEstatal Electoral de Oaxaca (TEEO), con el objetivo de prevenir, atender,\nsancionar y erradicar la violencia pol\u00edtica en raz\u00f3n de g\u00e9nero.<\/p>\n\n\n\n<p>El\nInstituto y el Tribunal electoral, podr\u00e1n solicitar a las autoridades\ncompetentes \u00f3rdenes o medidas de protecci\u00f3n y reparaci\u00f3n para las mujeres\nv\u00edctimas de violencia pol\u00edtica.<\/p>\n\n\n\n<p>Asimismo,\nla Fiscal\u00eda tendr\u00e1 la responsabilidad de investigar, bajo perspectiva de\ng\u00e9nero, en los casos de violencia pol\u00edtica contra las mujeres en raz\u00f3n de\ng\u00e9nero. Adem\u00e1s, crear\u00e1, actualizar\u00e1 y administrar\u00e1 el Registro de Casos de\nViolencia Pol\u00edtica contra las mujeres.<\/p>\n\n\n\n<p>Otra reforma\na esta misma legislaci\u00f3n, permiti\u00f3 la creaci\u00f3n del Banco Estatal de Datos e\nInformaci\u00f3n sobre Casos de Violencia contra las Mujeres, al ser el an\u00e1lisis de\ndatos recopilados un factor indispensable para la transversalizaci\u00f3n de las\npol\u00edticas p\u00fablicas que atiendan y prevengan factores de riesgo para las\nmujeres.<\/p>\n\n\n\n<p>Al\niniciar el periodo extraordinario de sesiones convocado para este jueves, el\npresidente de la Mesa Directiva del Congreso, Jorge Octavio Villaca\u00f1a Jim\u00e9nez,\nsolicit\u00f3 a los y las asistentes un minuto de silencio por las v\u00edctimas de la\npandemia por la Covid-19 en la entidad.<\/p>\n","protected":false},"excerpt":{"rendered":"<p>Redacci\u00f3n\/Zona Roja. Oaxaca de Ju\u00e1rez, Oax. 28 de mayo de 2020.- En sesi\u00f3n extraordinaria, el&hellip;<\/p>\n","protected":false},"author":2,"featured_media":13014,"comment_status":"closed","ping_status":"open","sticky":false,"template":"","format":"standard","meta":{"_lmt_disableupdate":"","_lmt_disable":"","_jetpack_memberships_contains_paid_content":false,"footnotes":""},"categories":[109,46],"tags":[213],"class_list":["post-13013","post","type-post","status-publish","format-standard","has-post-thumbnail","hentry","category-minuto-a-minuto","category-zona-blanca","tag-64-legislatura-de-oaxaca"],"jetpack_featured_media_url":"https:\/\/zonaroja.com.mx\/wp-content\/uploads\/2020\/05\/FOTO-1.1-En-Pleno-aprueba-Congreso-anular-proceso-electoral-cuando-se-acredite-violencia-pol\u00edtica-contra-mujeres.jpeg","jetpack_sharing_enabled":true,"_links":{"self":[{"href":"https:\/\/zonaroja.com.mx\/index.php?rest_route=\/wp\/v2\/posts\/13013","targetHints":{"allow":["GET"]}}],"collection":[{"href":"https:\/\/zonaroja.com.mx\/index.php?rest_route=\/wp\/v2\/posts"}],"about":[{"href":"https:\/\/zonaroja.com.mx\/index.php?rest_route=\/wp\/v2\/types\/post"}],"author":[{"embeddable":true,"href":"https:\/\/zonaroja.com.mx\/index.php?rest_route=\/wp\/v2\/users\/2"}],"replies":[{"embeddable":true,"href":"https:\/\/zonaroja.com.mx\/index.php?rest_route=%2Fwp%2Fv2%2Fcomments&post=13013"}],"version-history":[{"count":1,"href":"https:\/\/zonaroja.com.mx\/index.php?rest_route=\/wp\/v2\/posts\/13013\/revisions"}],"predecessor-version":[{"id":13015,"href":"https:\/\/zonaroja.com.mx\/index.php?rest_route=\/wp\/v2\/posts\/13013\/revisions\/13015"}],"wp:featuredmedia":[{"embeddable":true,"href":"https:\/\/zonaroja.com.mx\/index.php?rest_route=\/wp\/v2\/media\/13014"}],"wp:attachment":[{"href":"https:\/\/zonaroja.com.mx\/index.php?rest_route=%2Fwp%2Fv2%2Fmedia&parent=13013"}],"wp:term":[{"taxonomy":"category","embeddable":true,"href":"https:\/\/zonaroja.com.mx\/index.php?rest_route=%2Fwp%2Fv2%2Fcategories&post=13013"},{"taxonomy":"post_tag","embeddable":true,"href":"https:\/\/zonaroja.com.mx\/index.php?rest_route=%2Fwp%2Fv2%2Ftags&post=13013"}],"curies":[{"name":"wp","href":"https:\/\/api.w.org\/{rel}","templated":true}]}}