{"id":13016,"date":"2020-05-28T21:42:54","date_gmt":"2020-05-29T02:42:54","guid":{"rendered":"http:\/\/www.zonaroja.com.mx\/?p=13016"},"modified":"2020-05-28T21:42:58","modified_gmt":"2020-05-29T02:42:58","slug":"negligencias-olvido-oficial-inseguridad-delincuencia-caldo-de-cultivo-en-mercado","status":"publish","type":"post","link":"https:\/\/zonaroja.com.mx\/?p=13016","title":{"rendered":"Negligencias, olvido oficial, inseguridad, delincuencia, caldo de cultivo en mercado"},"content":{"rendered":"\n<p>Yuridiana\nSosa\/Zona Roja.<\/p>\n\n\n\n<p>Oaxaca de\nJu\u00e1rez, Oax., 28 de mayo de 2020.- El d\u00eda lleg\u00f3 entre escombros y angustia.\nEnojo e impotencia. Tristeza y desesperanza. El patrimonio de toda una vida se\nquem\u00f3.<\/p>\n\n\n\n<p>La ma\u00f1ana\nlleg\u00f3 con un vivo sol que contrastaba la realidad dentro de la Central de\nAbasto, donde las cenizas cubr\u00edan su interior. Con pasillos repletos de\nescombros y mercanc\u00eda fundida.<\/p>\n\n\n\n<p>Guadalupe\nOrtega apenas lo puede creer. El coraje contra los autoridades estatales y\nmunicipales lo tiene atorado en el pecho.<\/p>\n\n\n\n<p>Pues a\npesar de incendios anteriores no han atendido la petici\u00f3n de dar mayor acceso\nen los pasillos a los cuerpos de rescate; las desgracias anteriores no han\nservido.<\/p>\n\n\n\n<p>\u201cEsto es\nuna evidencia de que no han hecho nada\u201d, afirma la mujer, quien sostiene que\nviven una verdadera tragedia.<\/p>\n\n\n\n<p>En un instante a Guadalupe, del \u00e1rea de artesan\u00edas, se le quebranta la voz al mirar y se\u00f1alar su local quemado.<\/p>\n\n\n\n<figure class=\"wp-block-embed-twitter wp-block-embed is-type-rich is-provider-twitter\"><div class=\"wp-block-embed__wrapper\">\n<div class=\"twitter-tweet\"><blockquote class=\"twitter-tweet\" data-lang=\"es\"><p lang=\"es\" dir=\"ltr\"><a href=\"https:\/\/twitter.com\/hashtag\/MercadoDeAbasto?src=hash&amp;ref_src=twsrc%5Etfw\">#MercadoDeAbasto<\/a><br>Negligencia oficial, la denuncia en contra de las autoridades de los tres niveles de gobierno de Oaxaca, tras el incendio en el Mercado de Abasto; acusan a edil <a href=\"https:\/\/twitter.com\/oswaldogarciaj?ref_src=twsrc%5Etfw\">@oswaldogarciaj<\/a> de no atender a tiempo los problemas en ese importante centro comercial. <a href=\"https:\/\/t.co\/h8t0FvIZsT\">pic.twitter.com\/h8t0FvIZsT<\/a><\/p>&mdash; Zona Roja Oaxaca (@MexRoja) <a href=\"https:\/\/twitter.com\/MexRoja\/status\/1266165925348343808?ref_src=twsrc%5Etfw\">29 de mayo de 2020<\/a><\/blockquote><\/div>\n<\/div><\/figure>\n\n\n\n<p>\u201cEste es\nmi patrimonio de vida. Nos quedamos sin nada. Y no hablo solo por m\u00ed, hablo por\ntodos los que perdimos todo\u201d.<\/p>\n\n\n\n<p>Guadalupe\ndetalla que el incendio comenz\u00f3 lento, pero que la falta de acceso para los\nbomberos complic\u00f3 la oportuna atenci\u00f3n. Se sali\u00f3 de control y el fuego devor\u00f3\nm\u00e1s unos 200 locales.<\/p>\n\n\n\n<p>La ma\u00f1ana\ntranscurr\u00eda y los peritos no llegaban al local de la comerciante, quien no\nquiere comenzar la limpieza hasta que no lleguen a tomar evidencias en su caso.<\/p>\n\n\n\n<p>El hecho\nes una pesadilla, en la que algunos comerciales luchan por rescatar lo poco que\nqued\u00f3 entre las cenizas.<\/p>\n\n\n\n<p>\u201cEs negligencia\nde las autoridades, ac\u00e1 una y otra vez hemos pedido apoyo y jam\u00e1s vienen a\npararse. Nos dicen que cerremos locales por la pandemia pero no mandan\nseguridad. Apenas sufrimos robos y ahora icendio. \u00a1D\u00f3nde est\u00e1 la autoridad!\u201d,\nreclama.<\/p>\n","protected":false},"excerpt":{"rendered":"<p>Yuridiana Sosa\/Zona Roja. Oaxaca de Ju\u00e1rez, Oax., 28 de mayo de 2020.- El d\u00eda lleg\u00f3&hellip;<\/p>\n","protected":false},"author":2,"featured_media":13017,"comment_status":"closed","ping_status":"open","sticky":false,"template":"","format":"standard","meta":{"_lmt_disableupdate":"","_lmt_disable":"","_jetpack_memberships_contains_paid_content":false,"footnotes":""},"categories":[109,47],"tags":[1077],"class_list":["post-13016","post","type-post","status-publish","format-standard","has-post-thumbnail","hentry","category-minuto-a-minuto","category-zona-gris","tag-mercado-de-abasto-ciudad-de-oaxaca"],"jetpack_featured_media_url":"https:\/\/zonaroja.com.mx\/wp-content\/uploads\/2020\/05\/Central-de-Abasto-5.png","jetpack_sharing_enabled":true,"_links":{"self":[{"href":"https:\/\/zonaroja.com.mx\/index.php?rest_route=\/wp\/v2\/posts\/13016","targetHints":{"allow":["GET"]}}],"collection":[{"href":"https:\/\/zonaroja.com.mx\/index.php?rest_route=\/wp\/v2\/posts"}],"about":[{"href":"https:\/\/zonaroja.com.mx\/index.php?rest_route=\/wp\/v2\/types\/post"}],"author":[{"embeddable":true,"href":"https:\/\/zonaroja.com.mx\/index.php?rest_route=\/wp\/v2\/users\/2"}],"replies":[{"embeddable":true,"href":"https:\/\/zonaroja.com.mx\/index.php?rest_route=%2Fwp%2Fv2%2Fcomments&post=13016"}],"version-history":[{"count":1,"href":"https:\/\/zonaroja.com.mx\/index.php?rest_route=\/wp\/v2\/posts\/13016\/revisions"}],"predecessor-version":[{"id":13018,"href":"https:\/\/zonaroja.com.mx\/index.php?rest_route=\/wp\/v2\/posts\/13016\/revisions\/13018"}],"wp:featuredmedia":[{"embeddable":true,"href":"https:\/\/zonaroja.com.mx\/index.php?rest_route=\/wp\/v2\/media\/13017"}],"wp:attachment":[{"href":"https:\/\/zonaroja.com.mx\/index.php?rest_route=%2Fwp%2Fv2%2Fmedia&parent=13016"}],"wp:term":[{"taxonomy":"category","embeddable":true,"href":"https:\/\/zonaroja.com.mx\/index.php?rest_route=%2Fwp%2Fv2%2Fcategories&post=13016"},{"taxonomy":"post_tag","embeddable":true,"href":"https:\/\/zonaroja.com.mx\/index.php?rest_route=%2Fwp%2Fv2%2Ftags&post=13016"}],"curies":[{"name":"wp","href":"https:\/\/api.w.org\/{rel}","templated":true}]}}