{"id":13019,"date":"2020-05-28T22:15:22","date_gmt":"2020-05-29T03:15:22","guid":{"rendered":"http:\/\/www.zonaroja.com.mx\/?p=13019"},"modified":"2020-05-28T22:15:25","modified_gmt":"2020-05-29T03:15:25","slug":"aumenta-numero-de-personal-medico-de-oaxaca-contagiado-por-covid","status":"publish","type":"post","link":"https:\/\/zonaroja.com.mx\/?p=13019","title":{"rendered":"Aumenta n\u00famero de personal m\u00e9dico de Oaxaca contagiado por Covid"},"content":{"rendered":"\n<p>Redacci\u00f3n\/Zona\nRoja.<\/p>\n\n\n\n<p>Oaxaca de\nJu\u00e1rez, Oax. 28 de mayo de 2020.- En las \u00faltimas 24 horas, en Oaxaca se han\nregistrado 42 casos de coronavirus Covid-19 nuevos en 18 municipios, que suman\nmil 186 casos de en la entidad. Adem\u00e1s, con nueve decesos, la cifra aumenta a\n131.<\/p>\n\n\n\n<p>El\nsegmento del personal m\u00e9dico contagiado en la entidad sigue al alza y la noche\nde este jueves se reporta que son 260 trabajadores con Covid-19, siendo 103\nm\u00e9dicos, 125 enfermeras y 32 de otras profesiones.<\/p>\n\n\n\n<p>De\nacuerdo con un comunicado de la dependencia Servicios de Salud de Oaxaca (SSO),\na la fecha se han notificado tres mil 104 casos, de los cuales mil 393 son\nnegativos, hay 525 casos sospechosos en espera de confirmaci\u00f3n diagn\u00f3stica por\nlaboratorio, 737 se han recuperado.<\/p>\n\n\n\n<p>Sostuvo que la Jurisdicci\u00f3n Sanitaria n\u00famero uno Valles Centrales, registra 814 casos confirmados y 72 defunciones; mientras que Tuxtepec registra 125 y 22 decesos; seguido del Istmo con 86 y 16 defunciones; la Mixteca con 76 y 14 decesos; la Costa con 55 y seis defunciones, y la Sierra Norte con 30 y una defunci\u00f3n.<\/p>\n\n\n\n<figure class=\"wp-block-image\"><img decoding=\"async\" width=\"1024\" height=\"566\" src=\"http:\/\/www.zonaroja.com.mx\/wp-content\/uploads\/2020\/05\/SSO-2-3-1-1024x566.jpeg\" alt=\"\" class=\"wp-image-13021\" srcset=\"https:\/\/zonaroja.com.mx\/wp-content\/uploads\/2020\/05\/SSO-2-3-1-1024x566.jpeg 1024w, https:\/\/zonaroja.com.mx\/wp-content\/uploads\/2020\/05\/SSO-2-3-1-300x166.jpeg 300w, https:\/\/zonaroja.com.mx\/wp-content\/uploads\/2020\/05\/SSO-2-3-1-768x424.jpeg 768w, https:\/\/zonaroja.com.mx\/wp-content\/uploads\/2020\/05\/SSO-2-3-1-1170x646.jpeg 1170w, https:\/\/zonaroja.com.mx\/wp-content\/uploads\/2020\/05\/SSO-2-3-1-585x323.jpeg 585w, https:\/\/zonaroja.com.mx\/wp-content\/uploads\/2020\/05\/SSO-2-3-1.jpeg 1280w\" sizes=\"(max-width: 1024px) 100vw, 1024px\" \/><\/figure>\n\n\n\n<p>Mencion\u00f3\nque los 42 casos nuevos se registran en 18 municipios: Oaxaca de Ju\u00e1rez con 14,\nseguido de San Juan Bautista Tuxtepec con ocho, dos casos m\u00e1s en Cuilapam de\nGuerrero, San Antonio de la Cal, Santa Cruz Xoxocotl\u00e1n, Santa Lucia del Camino\ny San Juan Bautista Valle Nacional, entre otros.<\/p>\n\n\n\n<p>Se han\nrecuperado 737 pacientes, de los cuales 512 pertenecen a la Jurisdicci\u00f3n\nSanitaria uno de Valles Centrales; seguido del Istmo con 58; Tuxtepec con 70;\nla Costa con 41; la Mixteca cuenta con 40 y la Sierra con 16.<\/p>\n\n\n\n<p>Agreg\u00f3\nque hay 318 casos activos, siendo la Jurisdicci\u00f3n de Valles Centrales con 230,\nel Istmo con 12, Tuxtepec con 33, la Costa con 8, la Mixteca con 22 y la Sierra\ncon 13. De las 131 defunciones, 57 decesos pertenecen al grupo de edad de los\n65 y mas a\u00f1os; 29 est\u00e1n en el de 50 a 59 a\u00f1os; 17 en el de 25 a 44 a\u00f1os; 15 de\n60 a 64 a\u00f1os y 10 en el de 45 a 49 a\u00f1os, siendo las comorbilidades como\ndiabetes, hipertensi\u00f3n arterial, obesidad, insuficiencia renal, EPOC e\ninmunosupresi\u00f3n.<\/p>\n","protected":false},"excerpt":{"rendered":"<p>Redacci\u00f3n\/Zona Roja. Oaxaca de Ju\u00e1rez, Oax. 28 de mayo de 2020.- En las \u00faltimas 24&hellip;<\/p>\n","protected":false},"author":2,"featured_media":13020,"comment_status":"closed","ping_status":"open","sticky":false,"template":"","format":"standard","meta":{"_lmt_disableupdate":"","_lmt_disable":"","_jetpack_memberships_contains_paid_content":false,"footnotes":""},"categories":[109,47],"tags":[1512],"class_list":["post-13019","post","type-post","status-publish","format-standard","has-post-thumbnail","hentry","category-minuto-a-minuto","category-zona-gris","tag-coronavirus-oaxaca"],"jetpack_featured_media_url":"https:\/\/zonaroja.com.mx\/wp-content\/uploads\/2020\/05\/SSO-1-9.jpeg","jetpack_sharing_enabled":true,"_links":{"self":[{"href":"https:\/\/zonaroja.com.mx\/index.php?rest_route=\/wp\/v2\/posts\/13019","targetHints":{"allow":["GET"]}}],"collection":[{"href":"https:\/\/zonaroja.com.mx\/index.php?rest_route=\/wp\/v2\/posts"}],"about":[{"href":"https:\/\/zonaroja.com.mx\/index.php?rest_route=\/wp\/v2\/types\/post"}],"author":[{"embeddable":true,"href":"https:\/\/zonaroja.com.mx\/index.php?rest_route=\/wp\/v2\/users\/2"}],"replies":[{"embeddable":true,"href":"https:\/\/zonaroja.com.mx\/index.php?rest_route=%2Fwp%2Fv2%2Fcomments&post=13019"}],"version-history":[{"count":1,"href":"https:\/\/zonaroja.com.mx\/index.php?rest_route=\/wp\/v2\/posts\/13019\/revisions"}],"predecessor-version":[{"id":13022,"href":"https:\/\/zonaroja.com.mx\/index.php?rest_route=\/wp\/v2\/posts\/13019\/revisions\/13022"}],"wp:featuredmedia":[{"embeddable":true,"href":"https:\/\/zonaroja.com.mx\/index.php?rest_route=\/wp\/v2\/media\/13020"}],"wp:attachment":[{"href":"https:\/\/zonaroja.com.mx\/index.php?rest_route=%2Fwp%2Fv2%2Fmedia&parent=13019"}],"wp:term":[{"taxonomy":"category","embeddable":true,"href":"https:\/\/zonaroja.com.mx\/index.php?rest_route=%2Fwp%2Fv2%2Fcategories&post=13019"},{"taxonomy":"post_tag","embeddable":true,"href":"https:\/\/zonaroja.com.mx\/index.php?rest_route=%2Fwp%2Fv2%2Ftags&post=13019"}],"curies":[{"name":"wp","href":"https:\/\/api.w.org\/{rel}","templated":true}]}}