{"id":13025,"date":"2020-05-29T07:23:09","date_gmt":"2020-05-29T12:23:09","guid":{"rendered":"http:\/\/www.zonaroja.com.mx\/?p=13025"},"modified":"2020-05-29T07:23:14","modified_gmt":"2020-05-29T12:23:14","slug":"aumenta-siete-veces-casos-de-covid-desde-que-se-declaro-fase-3","status":"publish","type":"post","link":"https:\/\/zonaroja.com.mx\/?p=13025","title":{"rendered":"Aumenta siete veces casos de Covid desde que se declar\u00f3 Fase 3"},"content":{"rendered":"\n<p>Redacci\u00f3n\/Zona\nRoja Cdmx.<\/p>\n\n\n\n<p>Ciudad de\nM\u00e9xico, 29 de mayo de 2020.- La cantidad de casos de Covid-19 que se confirman\ncada semana se mantiene al alza, de tal forma que, desde el 21 de abril, cuando\nse declar\u00f3 la fase 3 de la pandemia, y hasta el pasado mi\u00e9rcoles 27, el n\u00famero\nde enfermos creci\u00f3 siete veces. <\/p>\n\n\n\n<p>En los decesos el incremento es mayor, pues pasaron de 857 a 8 mil 597 en el mismo periodo, seg\u00fan un an\u00e1lisis del diario \u201cLa Jornada\u201d.<\/p>\n\n\n\n<p>En\ncambio, el n\u00famero de personas con sospecha de tener SARS-CoV-2, que al comienzo\nde esta etapa representaban 65 por ciento de los confirmados, esta semana\nequivalen a 43 por ciento. <\/p>\n\n\n\n<p>De\nacuerdo con expertos consultados por \u201cLa Jornada\u201d, esta aparente disminuci\u00f3n de\nlos casos sospechosos se puede explicar, en parte, por el incremento en las\npruebas que lleva a cabo la red de laboratorios de salud p\u00fablica.<\/p>\n\n\n\n<p>El\nsubsecretario de Prevenci\u00f3n y Promoci\u00f3n de la Salud, Hugo L\u00f3pez-Gatell, ha\ninsistido en que no hay l\u00edmite para la realizaci\u00f3n de los estudios de\nlaboratorio y se hacen los que se requieran para cumplir con la vigilancia\nCentinela, la cual abarca 10 por ciento de los pacientes ambulatorios, la\ntotalidad de los enfermos hospitalizados y los fallecimientos. <\/p>\n\n\n\n<p>No\nobstante, no ha habido los suficientes insumos para que los laboratorios\ntrabajen; el Instituto Mexicano del Seguro Social ha tenido estas dificultades,\nseg\u00fan lo reconoci\u00f3 Mauricio Hern\u00e1ndez \u00c1vila, director de Prestaciones\nEcon\u00f3micas y Sociales, quien se\u00f1al\u00f3 que \u00fanicamente estaban realizando 29 por\nciento de las pruebas a enfermos ambulatorios y 90 por ciento de los\nhospitalizados; es decir, ni siquiera se cumpl\u00eda con la vigilancia Centinela\n(La Jornada, 30\/4\/20. https:\/\/www.jornada.com.mx\/2020\/\n04\/30\/politica\/003n1pol).<\/p>\n\n\n\n<p>La causa\nera la falta de reactivos y medios de transporte viral, entre otros, y la\ndificultad de adquirirlos aqu\u00ed y en otros pa\u00edses, expone la informaci\u00f3n de \u201cLa\nJornada\u201d. <\/p>\n\n\n\n<p>La\nsituaci\u00f3n pudo haber cambiado con la llegada de pruebas importadas en las\nsemanas recientes, dijeron. Adem\u00e1s de que la pandemia sigue en aumento y no hay\nmanera de que los n\u00fameros del registro bajen, es posible que en una parte de la\ncrecida de la curva contribuya el hecho de que la Secretar\u00eda de Salud est\u00e1 en\nel proceso de resolver el rezago que se expresa en los casos calificados de\nsospechosos.<\/p>\n\n\n\n<p>En cuanto\nal registro de casos de Covid-19, otro indicador de que la epidemia sigue en\naumento est\u00e1 en los infectados activos, que corresponden a las personas que\ntienen una prueba positiva al SARS-CoV-2 e iniciaron con s\u00edntomas de la\nenfermedad en los 14 d\u00edas anteriores. <\/p>\n\n\n\n<p>El n\u00famero\nse ha mantenido al alza. Mientras el 21 de abril eran 3 mil 185 casos, para el\n27 de mayo sumaban 15 mil 592. Respecto de este indicador, precisaron los\nespecialistas consultados, no hay claridad metodol\u00f3gica sobre si representa el\nacumulado, lo que implicar\u00eda que al cabo de dos o tres semanas ya no formar\u00edan\nparte de la estad\u00edstica porque habr\u00edan superado la infecci\u00f3n; o, si hasta el\npasado mi\u00e9rcoles esas eran las personas que se manten\u00edan como activas para la\nenfermedad.<\/p>\n\n\n\n<p>Advirtieron que en la conferencia vespertina, tanto L\u00f3pez-Gatell como el director de Epidemiolog\u00eda, Jos\u00e9 Luis Alom\u00eda, se refieren a los casos activos en tiempo presente.<\/p>\n\n\n\n<p>De acuerdo con cifras de la Secretar\u00eda de Salud reportadas anoche, en 24 horas se registraron 447 decesos, para sumar nueve mil 44 fallecimientos; asimismo, nueve mil 44 nuevos contagiados, que dan un total de 81 mil 400 casos confirmados.<\/p>\n","protected":false},"excerpt":{"rendered":"<p>Redacci\u00f3n\/Zona Roja Cdmx. Ciudad de M\u00e9xico, 29 de mayo de 2020.- La cantidad de casos&hellip;<\/p>\n","protected":false},"author":2,"featured_media":11941,"comment_status":"closed","ping_status":"open","sticky":false,"template":"","format":"standard","meta":{"_lmt_disableupdate":"","_lmt_disable":"","_jetpack_memberships_contains_paid_content":false,"footnotes":""},"categories":[109,47],"tags":[1328],"class_list":["post-13025","post","type-post","status-publish","format-standard","has-post-thumbnail","hentry","category-minuto-a-minuto","category-zona-gris","tag-coronavirus-mexico"],"jetpack_featured_media_url":"https:\/\/zonaroja.com.mx\/wp-content\/uploads\/2020\/05\/Muerto-covid.jpg","jetpack_sharing_enabled":true,"_links":{"self":[{"href":"https:\/\/zonaroja.com.mx\/index.php?rest_route=\/wp\/v2\/posts\/13025","targetHints":{"allow":["GET"]}}],"collection":[{"href":"https:\/\/zonaroja.com.mx\/index.php?rest_route=\/wp\/v2\/posts"}],"about":[{"href":"https:\/\/zonaroja.com.mx\/index.php?rest_route=\/wp\/v2\/types\/post"}],"author":[{"embeddable":true,"href":"https:\/\/zonaroja.com.mx\/index.php?rest_route=\/wp\/v2\/users\/2"}],"replies":[{"embeddable":true,"href":"https:\/\/zonaroja.com.mx\/index.php?rest_route=%2Fwp%2Fv2%2Fcomments&post=13025"}],"version-history":[{"count":1,"href":"https:\/\/zonaroja.com.mx\/index.php?rest_route=\/wp\/v2\/posts\/13025\/revisions"}],"predecessor-version":[{"id":13026,"href":"https:\/\/zonaroja.com.mx\/index.php?rest_route=\/wp\/v2\/posts\/13025\/revisions\/13026"}],"wp:featuredmedia":[{"embeddable":true,"href":"https:\/\/zonaroja.com.mx\/index.php?rest_route=\/wp\/v2\/media\/11941"}],"wp:attachment":[{"href":"https:\/\/zonaroja.com.mx\/index.php?rest_route=%2Fwp%2Fv2%2Fmedia&parent=13025"}],"wp:term":[{"taxonomy":"category","embeddable":true,"href":"https:\/\/zonaroja.com.mx\/index.php?rest_route=%2Fwp%2Fv2%2Fcategories&post=13025"},{"taxonomy":"post_tag","embeddable":true,"href":"https:\/\/zonaroja.com.mx\/index.php?rest_route=%2Fwp%2Fv2%2Ftags&post=13025"}],"curies":[{"name":"wp","href":"https:\/\/api.w.org\/{rel}","templated":true}]}}