{"id":13027,"date":"2020-05-29T07:33:24","date_gmt":"2020-05-29T12:33:24","guid":{"rendered":"http:\/\/www.zonaroja.com.mx\/?p=13027"},"modified":"2020-05-29T07:33:29","modified_gmt":"2020-05-29T12:33:29","slug":"diputado-propone-dignificar-trabajo-de-policias-de-oaxaca","status":"publish","type":"post","link":"https:\/\/zonaroja.com.mx\/?p=13027","title":{"rendered":"Diputado propone dignificar trabajo de polic\u00edas de Oaxaca"},"content":{"rendered":"\n<p>Redacci\u00f3n\/Zona\nRoja.<\/p>\n\n\n\n<p>Oaxaca de\nJu\u00e1rez, Oax., 29 de mayo de 2020.- Los cuerpos de seguridad p\u00fablica en Oaxaca\ndeben contar con mejores condiciones laborales, mayores prestaciones, as\u00ed como\ntener los elementos necesarios para hacer frente a la pandemia.<\/p>\n\n\n\n<p>As\u00ed lo\nse\u00f1al\u00f3 que el presidente de la Junta de Coordinaci\u00f3n Pol\u00edtica del Congreso\nlocal, Horacio Sosa, por lo que present\u00f3 exhortos al titular del Poder\nEjecutivo Estatal, al fiscal General del Estado y a los ayuntamientos del estado\npara mejorar estas condiciones.<\/p>\n\n\n\n<p>Y es que\nestas desventajas con las que laboran los polic\u00edas se ven reflejados en la\npercepci\u00f3n de inseguridad de las y los oaxaque\u00f1os; en este sentido, el diputado\nlocal refiri\u00f3 que la \u00faltima Encuesta Nacional de Seguridad P\u00fablica Urbana,\nrealizada por el INEGI, y que corresponde al primer trimestre del a\u00f1o, revela\nque, en la ciudad de Oaxaca de Ju\u00e1rez, la poblaci\u00f3n que se siente insegura\ncreci\u00f3 hasta llegar al 74.3 por ciento.<\/p>\n\n\n\n<p>El\nlegislador de Morena dijo tambi\u00e9n que en la actualidad la mayor\u00eda de las\npolic\u00edas municipales no tiene acceso al r\u00e9gimen de pensiones y jubilaciones; su\nrango de afiliaci\u00f3n al Seguro Social es de nivel 33, cuando su trabajo de alto\nriesgo tiene derecho al nivel 40, entre otras serias anomal\u00edas que afectan\nseriamente su dignidad personal y su efectividad laboral.<\/p>\n\n\n\n<p>De igual\nforma, al fen\u00f3meno estructural de la inseguridad p\u00fablica, ahora se agregan\nnuevas situaciones de riesgo derivadas de la emergencia sanitaria, que torna\nm\u00e1s vulnerable al tejido social y exige nuevos y mayores esfuerzos a los\ncuerpos de seguridad.<\/p>\n\n\n\n<p>Los\nexhortos antes mencionados instan a adoptar las medidas necesarias para mejorar\nsustancialmente la retribuci\u00f3n salarial de las y los agentes de las distintas\ncorporaciones policiales, incluyendo a los de las polic\u00edas municipales y de la\nAgencia Estatal de Investigaciones; mejorar las prestaciones, observar\ntransparencia respecto del Fondo de Pensiones, y cumplir con los\nreconocimientos y promociones previstos.<\/p>\n\n\n\n<p>De igual\nforma propone dignificar la alimentaci\u00f3n y los espacios de trabajo y descanso\nde las corporaciones policiales, y dotar de equipamiento profesional a todas y\ntodos los efectivos. <\/p>\n\n\n\n<p>As\u00ed\ntambi\u00e9n se deben proporcionar a los agentes de las corporaciones bajo su mando\nlos equipos de protecci\u00f3n personal necesarios para que puedan desarrollar su\ntrabajo en condiciones de seguridad, reduciendo al m\u00e1ximo la posibilidad de\ncontagios de Covid-19 durante el desempe\u00f1o de sus labores.<\/p>\n\n\n\n<p>La\niniciativa fue turnada a las comisiones correspondientes para su an\u00e1lisis y\ndictamen posterior.<\/p>\n","protected":false},"excerpt":{"rendered":"<p>Redacci\u00f3n\/Zona Roja. Oaxaca de Ju\u00e1rez, Oax., 29 de mayo de 2020.- Los cuerpos de seguridad&hellip;<\/p>\n","protected":false},"author":2,"featured_media":13028,"comment_status":"closed","ping_status":"open","sticky":false,"template":"","format":"standard","meta":{"_lmt_disableupdate":"","_lmt_disable":"","_jetpack_memberships_contains_paid_content":false,"footnotes":""},"categories":[109,46],"tags":[444],"class_list":["post-13027","post","type-post","status-publish","format-standard","has-post-thumbnail","hentry","category-minuto-a-minuto","category-zona-blanca","tag-horacio-sosa-villavicencio"],"jetpack_featured_media_url":"https:\/\/zonaroja.com.mx\/wp-content\/uploads\/2020\/05\/Horacio-Sosa-2.jpeg","jetpack_sharing_enabled":true,"_links":{"self":[{"href":"https:\/\/zonaroja.com.mx\/index.php?rest_route=\/wp\/v2\/posts\/13027","targetHints":{"allow":["GET"]}}],"collection":[{"href":"https:\/\/zonaroja.com.mx\/index.php?rest_route=\/wp\/v2\/posts"}],"about":[{"href":"https:\/\/zonaroja.com.mx\/index.php?rest_route=\/wp\/v2\/types\/post"}],"author":[{"embeddable":true,"href":"https:\/\/zonaroja.com.mx\/index.php?rest_route=\/wp\/v2\/users\/2"}],"replies":[{"embeddable":true,"href":"https:\/\/zonaroja.com.mx\/index.php?rest_route=%2Fwp%2Fv2%2Fcomments&post=13027"}],"version-history":[{"count":1,"href":"https:\/\/zonaroja.com.mx\/index.php?rest_route=\/wp\/v2\/posts\/13027\/revisions"}],"predecessor-version":[{"id":13029,"href":"https:\/\/zonaroja.com.mx\/index.php?rest_route=\/wp\/v2\/posts\/13027\/revisions\/13029"}],"wp:featuredmedia":[{"embeddable":true,"href":"https:\/\/zonaroja.com.mx\/index.php?rest_route=\/wp\/v2\/media\/13028"}],"wp:attachment":[{"href":"https:\/\/zonaroja.com.mx\/index.php?rest_route=%2Fwp%2Fv2%2Fmedia&parent=13027"}],"wp:term":[{"taxonomy":"category","embeddable":true,"href":"https:\/\/zonaroja.com.mx\/index.php?rest_route=%2Fwp%2Fv2%2Fcategories&post=13027"},{"taxonomy":"post_tag","embeddable":true,"href":"https:\/\/zonaroja.com.mx\/index.php?rest_route=%2Fwp%2Fv2%2Ftags&post=13027"}],"curies":[{"name":"wp","href":"https:\/\/api.w.org\/{rel}","templated":true}]}}