{"id":13036,"date":"2020-05-29T10:29:05","date_gmt":"2020-05-29T15:29:05","guid":{"rendered":"http:\/\/www.zonaroja.com.mx\/?p=13036"},"modified":"2020-05-29T10:35:49","modified_gmt":"2020-05-29T15:35:49","slug":"hasta-el-10-de-agosto-el-regreso-a-clases-para-curso-remedial-sep","status":"publish","type":"post","link":"https:\/\/zonaroja.com.mx\/?p=13036","title":{"rendered":"Hasta el 10 de agosto, el regreso a clases\u2026 para \u201ccurso remedial\u201d: SEP"},"content":{"rendered":"\n<p>Redacci\u00f3n\/Zona\nRoja Cdmx.<\/p>\n\n\n\n<p>Ciudad de\nM\u00e9xico, 29 de mayo de 2020.- El 10 de agosto los estudiantes del pa\u00eds\nregresar\u00e1n a las escuelas para tomar un \u201ccurso remedial\u201d &#8211;con el fin de\natender rezagos&#8211; y se planea el inicio del siguiente ciclo escolar el 21 de\nseptiembre, inform\u00f3 el secretario de Educaci\u00f3n P\u00fablica, Esteban Moctezuma.<\/p>\n\n\n\n<p>El uso de\ncubrebocas ser\u00e1 obligatorio y se tomar\u00e1n distintas medidas de sanitizaci\u00f3n y\nprevenci\u00f3n, indic\u00f3 en la conferencia de prensa matutina en Palacio Nacional.<\/p>\n\n\n\n<p>El \u201ccurso\nremedial\u201d tendr\u00e1 una duraci\u00f3n de tres semanas y la asistencia alternada acorde\nal apellido; la mitad (de la A a la N) asistir\u00e1 lunes y mi\u00e9rcoles y el resto el\nmartes y jueves. El viernes acudir\u00e1n los alumnos con mayor rezago.<\/p>\n\n\n\n<p>En la\n\u201cEstrategia de regreso a clases escalonada\u201d para educaci\u00f3n b\u00e1sica, se indica\nque el periodo del programa \u201cAprende en casa2 concluye el 5 de junio, a fin de\niniciar con el periodo vacacional, denominado \u201cVerano Divertido\u201d del 8 de junio\nal 07 de agosto.<\/p>\n\n\n\n<p>El \u201ccurso\nremedial\u201d ser\u00e1 del 10 al 28 de agosto; del 31 de agosto al 18 de septiembre\nser\u00e1 el periodo para calificaciones y alta al sistema, para iniciar el nuevo\nciclo en la semana del 21 al 25 de septiembre.<\/p>\n\n\n\n<p>Para\neducaci\u00f3n media superior, el plan \u201cJ\u00f3venes en casa\u201d concluye el 03 de julio;\nviene enseguida el receso magisterial, hasta el 31 de julio, para iniciar el \u201ccurso\nremedial\u201d y de nivelaci\u00f3n del 3 al 28 de agosto. <\/p>\n\n\n\n<p>Posteriormente\ntambi\u00e9n hay un periodo de calificaciones y alta al sistema y se inicia, junto\ncon la educaci\u00f3n b\u00e1sica y superior, el 21 de septiembre.<\/p>\n\n\n\n<p>Moctezuma\ndijo que en la nueva normalidad \u201cno queremos cultivar el miedo al otro\u201d, sino\nde consideraci\u00f3n a la otra persona. Es decir, una educaci\u00f3n basada en \u2018yo cuido\ndel otro\u2019.<\/p>\n\n\n\n<p>Subray\u00f3\nque la vuelta a clases ser\u00e1 s\u00f3lo cuando el sem\u00e1foro sanitario est\u00e9 en verde y\nse har\u00e1 con todas las medidas de prevenci\u00f3n, al grado que cuando se detecte un\nenfermo se suspender\u00e1n las actividades.<\/p>\n\n\n\n<p>Puntualiz\u00f3\nque habr\u00e1 tres filtros sanitarios: en casa, a la entrada de los planteles y\ncuando los alumnos lleguen al sal\u00f3n de clases.<\/p>\n\n\n\n<p>Las\ncomisiones sanitarias deber\u00e1n coordinar adem\u00e1s la comunicaci\u00f3n entre la escuela\ny el centro de salud m\u00e1s cercano.<\/p>\n\n\n\n<p>En las\nescuelas se pondr\u00e1n se\u00f1alizaciones para que la circulaci\u00f3n sea en un s\u00f3lo\nsentido y evitar contacto, y se deber\u00e1 garantizar acceso a agua y jab\u00f3n o gel\nen todas las escuelas, con el apoyo de entidades federativas en especial con\natenci\u00f3n a las escuelas m\u00e1s pobres.<\/p>\n\n\n\n<p>Otro\n\u00e1mbito de prevenci\u00f3n tiene que ver con el cuidado de maestros y maestras en\ngrupo de riesgo; el uso de cubrebocas ser\u00e1 obligatorio, y cuidar la sana\ndistancia en las entradas y salidas.<\/p>\n\n\n\n<p>Los\nrecreos ser\u00e1n escalonados as\u00ed como la asistencia alternada a la escuela de\nacuerdo al apellido; se va a maximizar el uso de espacios abiertos, y se\nsuspender\u00e1n todas las ceremonias y reuniones.<\/p>\n\n\n\n<p>LOS\nRESULTADOS<\/p>\n\n\n\n<p>El\nfuncionario inform\u00f3 que en este periodo de contingencia, 80 por ciento de\ndocentes y 85 por ciento de los alumnos siguen trabajando en casa. Un mill\u00f3n de\ndocentes se capacitaron para este esfuerzo.<\/p>\n\n\n\n<p>\u201cAprende\nen Casa\u201d \u2013 que ha recibido millones de visitas en la plataforma en internet- es\nun programa equitativo porque se utilizaron cuatro medios: libros de texto,\ntelevisi\u00f3n, radio y materiales educativos, y el internet.<\/p>\n\n\n\n<p>La\nprincipal herramienta fueron los libros de texto gratuito porque 100 por ciento\nde los alumnos lo tiene; el a\u00f1o pasado, el Presidente hizo entrega de 180\nmillones de ejemplares; tambi\u00e9n se digitalizaron estos libros, al tiempo que en\nla televisi\u00f3n se hizo un esfuerzo para apoyar el aprendizaje, resalt\u00f3.<\/p>\n\n\n\n<p>La SEP\nprodujo m\u00e1s de mil programas que han sido difundidos por distintos canales\np\u00fablicos y privados, abiertos y restringidos.<\/p>\n\n\n\n<p>En los sitios\ncon mayor marginaci\u00f3n se atendi\u00f3 al otro 10 por ciento de los estudiantes que\nno ten\u00edan internet o televisi\u00f3n y con 18 estaciones de radio se transmite casi\nmedio millar de programas, incluido lenguas ind\u00edgenas.<\/p>\n\n\n\n<p>Tambi\u00e9n\nhay materiales para apoyar a personas con discapacidad, as\u00ed como para\nestudiantes que viven en zonas remotas.<\/p>\n\n\n\n<p>El estado\ncon menos atenci\u00f3n en la modalidad de larga distancia es Oaxaca, en el nivel\nsuperior, y aun as\u00ed la cobertura es 75 por ciento.<\/p>\n\n\n\n<p>\u201cEl estado de \u00e1nimo es positivo pese a la pandemia, siete de cada 10 ni\u00f1os son felices\u201d, dijo.<\/p>\n\n\n\n<p>(Informaci\u00f3n de \u00abLa Jornada\u00bb)<\/p>\n","protected":false},"excerpt":{"rendered":"<p>Redacci\u00f3n\/Zona Roja Cdmx. Ciudad de M\u00e9xico, 29 de mayo de 2020.- El 10 de agosto&hellip;<\/p>\n","protected":false},"author":2,"featured_media":13037,"comment_status":"closed","ping_status":"open","sticky":false,"template":"","format":"standard","meta":{"_lmt_disableupdate":"","_lmt_disable":"","_jetpack_memberships_contains_paid_content":false,"footnotes":""},"categories":[109,47],"tags":[1328],"class_list":["post-13036","post","type-post","status-publish","format-standard","has-post-thumbnail","hentry","category-minuto-a-minuto","category-zona-gris","tag-coronavirus-mexico"],"jetpack_featured_media_url":"https:\/\/zonaroja.com.mx\/wp-content\/uploads\/2020\/05\/Regreso-a-clases-ni\u00f1os.jpg","jetpack_sharing_enabled":true,"_links":{"self":[{"href":"https:\/\/zonaroja.com.mx\/index.php?rest_route=\/wp\/v2\/posts\/13036","targetHints":{"allow":["GET"]}}],"collection":[{"href":"https:\/\/zonaroja.com.mx\/index.php?rest_route=\/wp\/v2\/posts"}],"about":[{"href":"https:\/\/zonaroja.com.mx\/index.php?rest_route=\/wp\/v2\/types\/post"}],"author":[{"embeddable":true,"href":"https:\/\/zonaroja.com.mx\/index.php?rest_route=\/wp\/v2\/users\/2"}],"replies":[{"embeddable":true,"href":"https:\/\/zonaroja.com.mx\/index.php?rest_route=%2Fwp%2Fv2%2Fcomments&post=13036"}],"version-history":[{"count":2,"href":"https:\/\/zonaroja.com.mx\/index.php?rest_route=\/wp\/v2\/posts\/13036\/revisions"}],"predecessor-version":[{"id":13039,"href":"https:\/\/zonaroja.com.mx\/index.php?rest_route=\/wp\/v2\/posts\/13036\/revisions\/13039"}],"wp:featuredmedia":[{"embeddable":true,"href":"https:\/\/zonaroja.com.mx\/index.php?rest_route=\/wp\/v2\/media\/13037"}],"wp:attachment":[{"href":"https:\/\/zonaroja.com.mx\/index.php?rest_route=%2Fwp%2Fv2%2Fmedia&parent=13036"}],"wp:term":[{"taxonomy":"category","embeddable":true,"href":"https:\/\/zonaroja.com.mx\/index.php?rest_route=%2Fwp%2Fv2%2Fcategories&post=13036"},{"taxonomy":"post_tag","embeddable":true,"href":"https:\/\/zonaroja.com.mx\/index.php?rest_route=%2Fwp%2Fv2%2Ftags&post=13036"}],"curies":[{"name":"wp","href":"https:\/\/api.w.org\/{rel}","templated":true}]}}