{"id":13040,"date":"2020-05-29T10:50:10","date_gmt":"2020-05-29T15:50:10","guid":{"rendered":"http:\/\/www.zonaroja.com.mx\/?p=13040"},"modified":"2020-05-29T10:50:14","modified_gmt":"2020-05-29T15:50:14","slug":"denuncia-profeco-oaxaca-funerarias-patito-aprovechan-muertes-por-covid","status":"publish","type":"post","link":"https:\/\/zonaroja.com.mx\/?p=13040","title":{"rendered":"Denuncia Profeco Oaxaca funerarias \u201cpatito\u201d, aprovechan muertes por Covid"},"content":{"rendered":"\n<p>Evlin\nArag\u00f3n\/Zona Roja.<\/p>\n\n\n\n<p>Oaxaca de\nJu\u00e1rez, Oax., 29 de mayo de 2020.- En Oaxaca la Procuradur\u00eda Federal del\nConsumidor (Profeco) detect\u00f3 funerarias \u201cpatito\u201d que act\u00faan en la informalidad\ny actualmente se aprovechan de la contingencia sanitaria por Covid-19 para\nenga\u00f1ar a las familias de personas fallecidas.<\/p>\n\n\n\n<p>La\ndelegada de la instituci\u00f3n federal alert\u00f3 que el modo de operaci\u00f3n es ofrecer\nde primera cuentan servicios baratos a dolientes afuera de los hospitales\np\u00fablicos y privados, para despu\u00e9s encarecer de manera abusiva e injustificada\nsus precios, por lo cual pidi\u00f3 a la ciudadan\u00eda denunciar cualquier abuso.<\/p>\n\n\n\n<p>\u201cEs\nimportante, que en medio de la pena, se tenga entereza para optar por empresas\nformales, con domicilio fijo y solicitar presupuesto escrito por anticipado.\nEsto permitir\u00e1 la protecci\u00f3n de derechos ante la Profeco\u201d, refiere la\nfuncionaria en un comunicado.<\/p>\n\n\n\n<p>Santiago\nCruz detall\u00f3 que la denuncia es fundamental ya que en el caso de \u201ccoyotes\u201d y\nempresas \u201cpatito\u201d o informales se pueden presentar denuncias penales en las que\nla Profeco representar\u00eda a las y los consumidores defraudados.<\/p>\n\n\n\n<p>De igual\nforma, refiri\u00f3 que en el caso de funerarias establecidas, se iniciaron dos\nprocedimiento por infracciones a la ley, sin embargo, \u00e9stas ya fueron\nsubsanadas, por lo que son los establecimientos informales los que representan\nun riesgo para las y los consumidores del servicio.<\/p>\n\n\n\n<p>Explic\u00f3\nque debido a denuncias, la dependencia ha realizado verificaci\u00f3n y monitoreo,\nadem\u00e1s de reuniones con proveedores de servicios funerarios a quienes se ha\ninformado que no pueden incrementar precios de manera injustificada, mucho\nmenos en tiempos de contingencia sanitaria.<\/p>\n\n\n\n<p>As\u00ed mismo,\ndetall\u00f3 que los costos de insumos por \u201ctrato especial\u201d por Covid-19, deben ser\nabsorbidos por las empresas y en ning\u00fan caso por consumidores, como principio\n\u00e9tico de los establecimientos.<\/p>\n\n\n\n<p>\u201cEn\nreuni\u00f3n con proveedores de servicios funerarios, inform\u00e9 su obligaci\u00f3n de no\nincrementar precios de manera injustificada en contingencia y ped\u00ed que costos\nde insumos por \u2018trato especial\u2019 por Covid-19, sean absorbidos por empresas y en\nning\u00fan caso por consumidores. Principio comercial \u00e9tico\u201d.<\/p>\n\n\n\n<p>Finalmente\nrecord\u00f3 que las quejas y asesor\u00edas se pueden realizar v\u00eda telef\u00f3nica al 951 425\n56 80, 951 364 16 10&nbsp; y 951 234 65 35,\nas\u00ed como el correo electr\u00f3nico: oaxaca@profeco.gob.mx<\/p>\n","protected":false},"excerpt":{"rendered":"<p>Evlin Arag\u00f3n\/Zona Roja. Oaxaca de Ju\u00e1rez, Oax., 29 de mayo de 2020.- En Oaxaca la&hellip;<\/p>\n","protected":false},"author":2,"featured_media":13041,"comment_status":"closed","ping_status":"open","sticky":false,"template":"","format":"standard","meta":{"_lmt_disableupdate":"","_lmt_disable":"","_jetpack_memberships_contains_paid_content":false,"footnotes":""},"categories":[109,47],"tags":[788],"class_list":["post-13040","post","type-post","status-publish","format-standard","has-post-thumbnail","hentry","category-minuto-a-minuto","category-zona-gris","tag-profeco-oaxaca"],"jetpack_featured_media_url":"https:\/\/zonaroja.com.mx\/wp-content\/uploads\/2020\/05\/Profeco-funerarias.jpg","jetpack_sharing_enabled":true,"_links":{"self":[{"href":"https:\/\/zonaroja.com.mx\/index.php?rest_route=\/wp\/v2\/posts\/13040","targetHints":{"allow":["GET"]}}],"collection":[{"href":"https:\/\/zonaroja.com.mx\/index.php?rest_route=\/wp\/v2\/posts"}],"about":[{"href":"https:\/\/zonaroja.com.mx\/index.php?rest_route=\/wp\/v2\/types\/post"}],"author":[{"embeddable":true,"href":"https:\/\/zonaroja.com.mx\/index.php?rest_route=\/wp\/v2\/users\/2"}],"replies":[{"embeddable":true,"href":"https:\/\/zonaroja.com.mx\/index.php?rest_route=%2Fwp%2Fv2%2Fcomments&post=13040"}],"version-history":[{"count":1,"href":"https:\/\/zonaroja.com.mx\/index.php?rest_route=\/wp\/v2\/posts\/13040\/revisions"}],"predecessor-version":[{"id":13042,"href":"https:\/\/zonaroja.com.mx\/index.php?rest_route=\/wp\/v2\/posts\/13040\/revisions\/13042"}],"wp:featuredmedia":[{"embeddable":true,"href":"https:\/\/zonaroja.com.mx\/index.php?rest_route=\/wp\/v2\/media\/13041"}],"wp:attachment":[{"href":"https:\/\/zonaroja.com.mx\/index.php?rest_route=%2Fwp%2Fv2%2Fmedia&parent=13040"}],"wp:term":[{"taxonomy":"category","embeddable":true,"href":"https:\/\/zonaroja.com.mx\/index.php?rest_route=%2Fwp%2Fv2%2Fcategories&post=13040"},{"taxonomy":"post_tag","embeddable":true,"href":"https:\/\/zonaroja.com.mx\/index.php?rest_route=%2Fwp%2Fv2%2Ftags&post=13040"}],"curies":[{"name":"wp","href":"https:\/\/api.w.org\/{rel}","templated":true}]}}