{"id":13043,"date":"2020-05-29T11:19:02","date_gmt":"2020-05-29T16:19:02","guid":{"rendered":"http:\/\/www.zonaroja.com.mx\/?p=13043"},"modified":"2020-05-29T11:19:07","modified_gmt":"2020-05-29T16:19:07","slug":"vinculan-a-proceso-a-hermanos-luis-villaseca-liberan-a-tres-presuntos-delincuente","status":"publish","type":"post","link":"https:\/\/zonaroja.com.mx\/?p=13043","title":{"rendered":"Vinculan a proceso a hermanos Luis Villaseca; liberan a tres presuntos delincuente"},"content":{"rendered":"\n<p>Redacci\u00f3n\/Zona\nRoja.<\/p>\n\n\n\n<p>Oaxaca de\nJu\u00e1rez, Oax., 29 de mayo de 2020.- Tras los datos aportados por la Fiscal\u00eda\nGeneral de la Rep\u00fablica en Oaxaca, un juez federal vincul\u00f3 a proceso a los\nhermanos Iv\u00e1n Tom\u00e1s y Juan Yavh\u00e9 L. V., solamente por el delito de portaci\u00f3n\nilegal de arma de fuego.<\/p>\n\n\n\n<p>En tanto,\notras tres personas detenidas por personal de la Agencia Estatal de\nInvestigaciones, dependiente de la Fiscal\u00eda General del Estado de Oaxaca,\nfueron puestas en libertad al no acreditarse de manera debida el delito; estos\nseguir\u00edan el proceso en el fuero com\u00fan. <\/p>\n\n\n\n<p>El pasado\nmi\u00e9rcoles se llev\u00f3 a cabo la audiencia de t\u00e9rmino constitucional en el Juzgado\nde Distrito, tras lo cual se encontr\u00f3 elementos de presunta responsabilidad de\nlos hermanos y por lo cual seguir\u00e1n en prisi\u00f3n preventiva.<\/p>\n\n\n\n<p>En tanto,\nel secretario general de la organizaci\u00f3n de transportistas CATEM Joven, Od\u00edn L.\nM., as\u00ed como el escolta Marcos A. C. R., conocido como \u201cEl B\u00faho\u201d y quien ha\nsido se\u00f1alado de participar en hechos delictivos, y Jos\u00e9 S. A. Z., quedaron en\nlibertad.<\/p>\n\n\n\n<p>Fue el jueves\nde la semana pasada en que la AEI implement\u00f3 un operativo polic\u00edaco en Santa\nMar\u00eda El Tule, cuando los transportistas a bordo de su unidad de motor\narribaban a un comedor.<\/p>\n\n\n\n<p>Tras la\nrevisi\u00f3n, fueron detenidas cinco personas, quienes fueron llevadas a la\nFiscal\u00eda General de la Rep\u00fablica, al decomisarles armas de fuego, cargadores\nabastecidos y droga.<\/p>\n\n\n\n<p>No\nobstante, a los hermanos Luis Villaseca la Fiscal\u00eda General a\u00fan no les ha\nejecutado las \u00f3rdenes de aprehensi\u00f3n por la agresi\u00f3n a balazos a futbolistas\nocurrido, el lunes 23 de marzo del a\u00f1o en curso, en la terminal de autobuses de\nprimera clase en la calzada H\u00e9roes de Chapultepec de la ciudad de Oaxaca.<\/p>\n\n\n\n<p>Asimismo,\nse les investiga tras el enfrentamiento entre transportistas del sindicato \u201cLibertad\u201d\ny CATEM el 8 de enero en Santa Luc\u00eda del Camino.<\/p>\n","protected":false},"excerpt":{"rendered":"<p>Redacci\u00f3n\/Zona Roja. Oaxaca de Ju\u00e1rez, Oax., 29 de mayo de 2020.- Tras los datos aportados&hellip;<\/p>\n","protected":false},"author":2,"featured_media":12696,"comment_status":"closed","ping_status":"open","sticky":false,"template":"","format":"standard","meta":{"_lmt_disableupdate":"","_lmt_disable":"","_jetpack_memberships_contains_paid_content":false,"footnotes":""},"categories":[109,47],"tags":[1558],"class_list":["post-13043","post","type-post","status-publish","format-standard","has-post-thumbnail","hentry","category-minuto-a-minuto","category-zona-gris","tag-hermanos-luis-villaseca"],"jetpack_featured_media_url":"https:\/\/zonaroja.com.mx\/wp-content\/uploads\/2020\/05\/Luis-Villaseca.png","jetpack_sharing_enabled":true,"_links":{"self":[{"href":"https:\/\/zonaroja.com.mx\/index.php?rest_route=\/wp\/v2\/posts\/13043","targetHints":{"allow":["GET"]}}],"collection":[{"href":"https:\/\/zonaroja.com.mx\/index.php?rest_route=\/wp\/v2\/posts"}],"about":[{"href":"https:\/\/zonaroja.com.mx\/index.php?rest_route=\/wp\/v2\/types\/post"}],"author":[{"embeddable":true,"href":"https:\/\/zonaroja.com.mx\/index.php?rest_route=\/wp\/v2\/users\/2"}],"replies":[{"embeddable":true,"href":"https:\/\/zonaroja.com.mx\/index.php?rest_route=%2Fwp%2Fv2%2Fcomments&post=13043"}],"version-history":[{"count":1,"href":"https:\/\/zonaroja.com.mx\/index.php?rest_route=\/wp\/v2\/posts\/13043\/revisions"}],"predecessor-version":[{"id":13044,"href":"https:\/\/zonaroja.com.mx\/index.php?rest_route=\/wp\/v2\/posts\/13043\/revisions\/13044"}],"wp:featuredmedia":[{"embeddable":true,"href":"https:\/\/zonaroja.com.mx\/index.php?rest_route=\/wp\/v2\/media\/12696"}],"wp:attachment":[{"href":"https:\/\/zonaroja.com.mx\/index.php?rest_route=%2Fwp%2Fv2%2Fmedia&parent=13043"}],"wp:term":[{"taxonomy":"category","embeddable":true,"href":"https:\/\/zonaroja.com.mx\/index.php?rest_route=%2Fwp%2Fv2%2Fcategories&post=13043"},{"taxonomy":"post_tag","embeddable":true,"href":"https:\/\/zonaroja.com.mx\/index.php?rest_route=%2Fwp%2Fv2%2Ftags&post=13043"}],"curies":[{"name":"wp","href":"https:\/\/api.w.org\/{rel}","templated":true}]}}