{"id":13045,"date":"2020-05-29T12:30:27","date_gmt":"2020-05-29T17:30:27","guid":{"rendered":"http:\/\/www.zonaroja.com.mx\/?p=13045"},"modified":"2020-05-29T12:30:31","modified_gmt":"2020-05-29T17:30:31","slug":"segunda-reconversion-covid-para-hospital-de-tuxtepec-y-cierran-cirugia-general","status":"publish","type":"post","link":"https:\/\/zonaroja.com.mx\/?p=13045","title":{"rendered":"Segunda reconversi\u00f3n Covid para Hospital de Tuxtepec y cierran cirug\u00eda general"},"content":{"rendered":"\n<p>Yuridiana\nSosa\/Zona Roja.<\/p>\n\n\n\n<p>San Juan\nBautista Tuxtepec, Oax., 29 de mayo de 2020.- Por saturaci\u00f3n del \u00e1rea Covid, el\nHospital General del Tuxtepec anunci\u00f3 el cierre de servicios de hospitalizaci\u00f3n\ny segunda reconversi\u00f3n, con habilitaci\u00f3n de otra zona para la atenci\u00f3n de\npacientes enfermos de coronavirus.<\/p>\n\n\n\n<p>El\ndirector del nosocomio, Iv\u00e1n \u00c1valos Flores, indic\u00f3 que en la segunda\nreconversi\u00f3n hospitalaria se aislar\u00e1 en su totalidad la segunda secci\u00f3n del\nhospital, la cual se clasificar\u00e1 como \u00e1rea Covid-19-II.<\/p>\n\n\n\n<p>Por esas\ncausas se suspende la hospitalizaci\u00f3n para las especialidades de traumatolog\u00eda,\nortopedia, medicina interna no Covid, pediatr\u00eda externa y cierre de los\nservicios de cirug\u00eda general, lo cual se determin\u00f3 en conjunto con los\ndelegados sindicales, jefatura de Enfermer\u00eda, Recursos Humanos y Departamento\nde Epidemiolog\u00eda.<\/p>\n\n\n\n<p>\u00c1valos Flores solicit\u00f3 el apoyo de la Jurisdicci\u00f3n Sanitaria n\u00famero 03, de los Servicios de Salud de Oaxaca, para referir a los pacientes de esas enfermedades a otros nosocomios de la entidad.<\/p>\n\n\n\n<figure class=\"wp-block-image\"><img decoding=\"async\" width=\"710\" height=\"1024\" src=\"http:\/\/www.zonaroja.com.mx\/wp-content\/uploads\/2020\/05\/Oficio-SSO-710x1024.jpg\" alt=\"\" class=\"wp-image-13046\" srcset=\"https:\/\/zonaroja.com.mx\/wp-content\/uploads\/2020\/05\/Oficio-SSO-710x1024.jpg 710w, https:\/\/zonaroja.com.mx\/wp-content\/uploads\/2020\/05\/Oficio-SSO-208x300.jpg 208w, https:\/\/zonaroja.com.mx\/wp-content\/uploads\/2020\/05\/Oficio-SSO-768x1107.jpg 768w, https:\/\/zonaroja.com.mx\/wp-content\/uploads\/2020\/05\/Oficio-SSO-585x843.jpg 585w, https:\/\/zonaroja.com.mx\/wp-content\/uploads\/2020\/05\/Oficio-SSO.jpg 888w\" sizes=\"(max-width: 710px) 100vw, 710px\" \/><\/figure>\n\n\n\n<p>As\u00ed como\nlos enfermos con urgencias calificadas como resueltas, originarios de los\nmunicipios de Jalapa de D\u00edaz, San Lucas Ojitl\u00e1n, San Felipe Usila y Acatl\u00e1n de\nP\u00e9rez Figueroa, ser\u00e1n referidos a los Hospitales Comunitarios en esos\nmunicipios.<\/p>\n\n\n\n<p>En cuanto\na las mujeres embarazadas sospechosas o confirmadas de Covid-19, no podr\u00e1n ser\nrecibidas para su atenci\u00f3n en el parto en el Hospital General, pues esa\nsituaci\u00f3n requerir\u00eda del cierre del quir\u00f3fano por 48 horas posteriores debido a\nla limpieza del \u00e1rea.<\/p>\n\n\n\n<p>El lunes\npasado, los Servicios de Salud de Oaxaca (SSO) dieron a conocer que este\nnosocomio registr\u00f3 el 100 por ciento de ocupaci\u00f3n de camas, por lo que era\nimposible continuar con atenciones m\u00e9dicas de Covid.<\/p>\n","protected":false},"excerpt":{"rendered":"<p>Yuridiana Sosa\/Zona Roja. San Juan Bautista Tuxtepec, Oax., 29 de mayo de 2020.- Por saturaci\u00f3n&hellip;<\/p>\n","protected":false},"author":2,"featured_media":12907,"comment_status":"closed","ping_status":"open","sticky":false,"template":"","format":"standard","meta":{"_lmt_disableupdate":"","_lmt_disable":"","_jetpack_memberships_contains_paid_content":false,"footnotes":""},"categories":[109,47],"tags":[1512],"class_list":["post-13045","post","type-post","status-publish","format-standard","has-post-thumbnail","hentry","category-minuto-a-minuto","category-zona-gris","tag-coronavirus-oaxaca"],"jetpack_featured_media_url":"https:\/\/zonaroja.com.mx\/wp-content\/uploads\/2020\/05\/Hospital-Tuxtepec.jpg","jetpack_sharing_enabled":true,"_links":{"self":[{"href":"https:\/\/zonaroja.com.mx\/index.php?rest_route=\/wp\/v2\/posts\/13045","targetHints":{"allow":["GET"]}}],"collection":[{"href":"https:\/\/zonaroja.com.mx\/index.php?rest_route=\/wp\/v2\/posts"}],"about":[{"href":"https:\/\/zonaroja.com.mx\/index.php?rest_route=\/wp\/v2\/types\/post"}],"author":[{"embeddable":true,"href":"https:\/\/zonaroja.com.mx\/index.php?rest_route=\/wp\/v2\/users\/2"}],"replies":[{"embeddable":true,"href":"https:\/\/zonaroja.com.mx\/index.php?rest_route=%2Fwp%2Fv2%2Fcomments&post=13045"}],"version-history":[{"count":1,"href":"https:\/\/zonaroja.com.mx\/index.php?rest_route=\/wp\/v2\/posts\/13045\/revisions"}],"predecessor-version":[{"id":13047,"href":"https:\/\/zonaroja.com.mx\/index.php?rest_route=\/wp\/v2\/posts\/13045\/revisions\/13047"}],"wp:featuredmedia":[{"embeddable":true,"href":"https:\/\/zonaroja.com.mx\/index.php?rest_route=\/wp\/v2\/media\/12907"}],"wp:attachment":[{"href":"https:\/\/zonaroja.com.mx\/index.php?rest_route=%2Fwp%2Fv2%2Fmedia&parent=13045"}],"wp:term":[{"taxonomy":"category","embeddable":true,"href":"https:\/\/zonaroja.com.mx\/index.php?rest_route=%2Fwp%2Fv2%2Fcategories&post=13045"},{"taxonomy":"post_tag","embeddable":true,"href":"https:\/\/zonaroja.com.mx\/index.php?rest_route=%2Fwp%2Fv2%2Ftags&post=13045"}],"curies":[{"name":"wp","href":"https:\/\/api.w.org\/{rel}","templated":true}]}}