{"id":13054,"date":"2020-05-29T19:27:40","date_gmt":"2020-05-30T00:27:40","guid":{"rendered":"http:\/\/www.zonaroja.com.mx\/?p=13054"},"modified":"2020-05-29T19:27:44","modified_gmt":"2020-05-30T00:27:44","slug":"ahora-en-xoxocotlan-impiden-sanitizacion-de-calles-por-miedo-a-contagios","status":"publish","type":"post","link":"https:\/\/zonaroja.com.mx\/?p=13054","title":{"rendered":"Ahora en Xoxocotl\u00e1n impiden sanitizaci\u00f3n de calles, por miedo a contagios"},"content":{"rendered":"\n<p>Yuridiana\nSosa\/Zona Roja.<\/p>\n\n\n\n<p>Oaxaca de\nJu\u00e1rez, Oax., 29 de mayo de 2020.- Un grupo de vecinos de la colonia Las\nCulturas del municipio de Santa Cruz Xoxocotl\u00e1n impidieron la desinfecci\u00f3n de\nlas calles por parte del sector Salud, al argumentar que los l\u00edquidos que se\naplican los infectar\u00eda de Covid-19.<\/p>\n\n\n\n<p>El\npresidente municipal, Alejandro L\u00f3pez Jarqu\u00edn, se\u00f1al\u00f3 que algunos vecinos de la\navenida Monte Alb\u00e1n de dicho asentamiento se opusieron a la actividad, por lo\nque \u00fanicamente se llev\u00f3 a cabo las labores de saneamiento en la Casa de Salud.<\/p>\n\n\n\n<p>Los\nhabitantes, dijo el edil, tomaron como referencia lo ocurrido en el municipio\nde San Antonio de la Cal, donde los pobladores lograron impedir la\nsanitizaci\u00f3n; ellos tambi\u00e9n se\u00f1alaron que la actividad ser\u00eda en contra de la\nsalud.<\/p>\n\n\n\n<p>El edil de\nXoxocotl\u00e1n dio a conocer el hecho a trav\u00e9s de su cuenta de redes sociales este\nviernes.<\/p>\n\n\n\n<p>En la\npublicaci\u00f3n inform\u00f3 que esta labor de desinfecci\u00f3n se ha realizado en 70\ncolonias de ese municipio conurbado a la capital del estado.<\/p>\n\n\n\n<p>Los\nServicios de Salud de Oaxaca informaron, al corte de este 28 de mayo, que en\nese municipio se hab\u00edan registrado un total de 81 casos acumulados de Covid-19.<\/p>\n\n\n\n<p>Apenas el\nmi\u00e9rcoles pasado los habitantes de San Antonino de la Cal retuvieron a personal\nde los Servicios de Salud de Oaxaca que realizaban labores informativas y\npreventivas para evitar la propagaci\u00f3n de contagios de coronavirus.<\/p>\n\n\n\n<p>Los\npobladores, armados con palos, machetes y enardecidos, impidieron con violencia\nlas labores sanitarias.<\/p>\n\n\n\n<p>RECHAZA\nDDHPO VIOLENCIA <\/p>\n\n\n\n<p>La\nDefensor\u00eda de los Derechos Humanos del Pueblo de Oaxaca (DDHPO) se posicion\u00f3\ncontra las agresiones cometidas contra personal que realiza labores de\nsanitizaci\u00f3n, as\u00ed como contra personal de salud en la entidad.<\/p>\n\n\n\n<p>Dos d\u00edas\ndespu\u00e9s de los hechos ocurridos en San Antonio de la Cal, el organismo ,\nsolicit\u00f3 a las autoridades federales, estatales y municipales disponer de todos\nlos medios necesarios para informar a los habitantes, incluso por Lengua de\nSe\u00f1as Mexicanas, de cada una de las comunidades, las acciones a realizar para\nprevenir y atender los contagios de Covid-19.<\/p>\n\n\n\n<p>La DDHPO\npidi\u00f3 a la sociedad respetar a los m\u00e9dicos, enfermeras y personal en primera\nl\u00ednea de combate de la pandemia, as\u00ed como a corroborar informaci\u00f3n, pues las\nfalsas noticias representan un riesgo para la salud p\u00fablica, adem\u00e1s que puede\ngenerar conflictos en las comunidades.<\/p>\n","protected":false},"excerpt":{"rendered":"<p>Yuridiana Sosa\/Zona Roja. Oaxaca de Ju\u00e1rez, Oax., 29 de mayo de 2020.- Un grupo de&hellip;<\/p>\n","protected":false},"author":2,"featured_media":13055,"comment_status":"closed","ping_status":"open","sticky":false,"template":"","format":"standard","meta":{"_lmt_disableupdate":"","_lmt_disable":"","_jetpack_memberships_contains_paid_content":false,"footnotes":""},"categories":[109,47],"tags":[1512],"class_list":["post-13054","post","type-post","status-publish","format-standard","has-post-thumbnail","hentry","category-minuto-a-minuto","category-zona-gris","tag-coronavirus-oaxaca"],"jetpack_featured_media_url":"https:\/\/zonaroja.com.mx\/wp-content\/uploads\/2020\/05\/Sanitizaci\u00f3n-Xoxocotl\u00e1n.jpg","jetpack_sharing_enabled":true,"_links":{"self":[{"href":"https:\/\/zonaroja.com.mx\/index.php?rest_route=\/wp\/v2\/posts\/13054","targetHints":{"allow":["GET"]}}],"collection":[{"href":"https:\/\/zonaroja.com.mx\/index.php?rest_route=\/wp\/v2\/posts"}],"about":[{"href":"https:\/\/zonaroja.com.mx\/index.php?rest_route=\/wp\/v2\/types\/post"}],"author":[{"embeddable":true,"href":"https:\/\/zonaroja.com.mx\/index.php?rest_route=\/wp\/v2\/users\/2"}],"replies":[{"embeddable":true,"href":"https:\/\/zonaroja.com.mx\/index.php?rest_route=%2Fwp%2Fv2%2Fcomments&post=13054"}],"version-history":[{"count":1,"href":"https:\/\/zonaroja.com.mx\/index.php?rest_route=\/wp\/v2\/posts\/13054\/revisions"}],"predecessor-version":[{"id":13056,"href":"https:\/\/zonaroja.com.mx\/index.php?rest_route=\/wp\/v2\/posts\/13054\/revisions\/13056"}],"wp:featuredmedia":[{"embeddable":true,"href":"https:\/\/zonaroja.com.mx\/index.php?rest_route=\/wp\/v2\/media\/13055"}],"wp:attachment":[{"href":"https:\/\/zonaroja.com.mx\/index.php?rest_route=%2Fwp%2Fv2%2Fmedia&parent=13054"}],"wp:term":[{"taxonomy":"category","embeddable":true,"href":"https:\/\/zonaroja.com.mx\/index.php?rest_route=%2Fwp%2Fv2%2Fcategories&post=13054"},{"taxonomy":"post_tag","embeddable":true,"href":"https:\/\/zonaroja.com.mx\/index.php?rest_route=%2Fwp%2Fv2%2Ftags&post=13054"}],"curies":[{"name":"wp","href":"https:\/\/api.w.org\/{rel}","templated":true}]}}