{"id":13057,"date":"2020-05-29T20:07:39","date_gmt":"2020-05-30T01:07:39","guid":{"rendered":"http:\/\/www.zonaroja.com.mx\/?p=13057"},"modified":"2020-05-29T20:07:42","modified_gmt":"2020-05-30T01:07:42","slug":"confirma-ayuntamiento-cese-de-jaqueline-escamilla-por-insubordinacion","status":"publish","type":"post","link":"https:\/\/zonaroja.com.mx\/?p=13057","title":{"rendered":"Confirma ayuntamiento cese de Jaqueline Escamilla, \u00abpor insubordinaci\u00f3n\u00bb"},"content":{"rendered":"\n<p>Redacci\u00f3n\/Zona\nRoja.<\/p>\n\n\n\n<p>Oaxaca de\nJu\u00e1rez, Oax., 29 de mayo de 2020.- El ayuntamiento de Oaxaca de Ju\u00e1rez confirm\u00f3\nel cese &#8211;remoci\u00f3n&#8211; Jaqueline Escamilla Villanueva como directora del\nInstituto Municipal de la Mujer, por insubordinaci\u00f3n.<\/p>\n\n\n\n<p>En un\ncomunicado, inform\u00f3 que la determinaci\u00f3n fue tomada con base en los\nordenamientos legales que rigen a la autoridad municipal.<\/p>\n\n\n\n<p>Ello \u201cderivado\nde que con su actuar vulner\u00f3 el principio de objetividad de las y los\nservidores p\u00fablicos municipales y el derecho humano de igualdad. Ante esta\ndecisi\u00f3n, en todo momento observ\u00f3 el respeto irrestricto de sus derechos\nhumanos\u201d.<\/p>\n\n\n\n<p>Detall\u00f3\nque el pasado 22 de mayo, Jaquelina Mariana Escamilla Villanueva abri\u00f3 los\ncanales de comunicaci\u00f3n del Instituto Municipal de la Mujer a la senadora\nCitlalli Hern\u00e1ndez Mora para presentar la ponencia \u201cDerechos de las Mujeres:\nderecho a decidir, por una maternidad libre y segura\u201d.<\/p>\n\n\n\n<p>\u201cDerivado\nde la citada exposici\u00f3n, colectivos de ciudadanas, con presencia en este\nmunicipio, solicitaron al ayuntamiento de Oaxaca de Ju\u00e1rez, en el ejercicio de\nsus derechos ciudadanos y el respeto irrestricto del derecho de todas las\nmujeres sin discriminaci\u00f3n alguna, compartir opiniones en torno a la postura\nideol\u00f3gica de Hern\u00e1ndez Mora en el mismo espacio digital del Instituto\nMunicipal de la Mujer.<\/p>\n\n\n\n<p>\u201cEn apego\nal derecho humano de igualdad, la Jefatura de la Oficina de Presidencia\ninstruy\u00f3 a Jaquelina Mariana Escamilla Villanueva para abrir un espacio a las\nvoces que demandaron igualdad de oportunidades para la manifestaci\u00f3n libre de\nideas sobre los derechos reproductivos de las mujeres. <\/p>\n\n\n\n<p>\u201cEl\nespacio en menci\u00f3n qued\u00f3 acordado y programado para las 18:00 horas del pasado\nmi\u00e9rcoles 27 de mayo, mediante una transmisi\u00f3n en vivo por la p\u00e1gina de\nFacebook del Instituto Municipal de la Mujer \u2013el mismo canal abierto para la\nsenadora Hern\u00e1ndez Mora\u2013, con la participaci\u00f3n de las ciudadanas Estefan\u00eda\nRicci y Adriana J\u00e1uregui.<\/p>\n\n\n\n<p>\u201cEn el\nd\u00eda y la hora de transmisi\u00f3n, previamente concertada, Escamilla Villanueva se\nopuso a abrir los canales de comunicaci\u00f3n del organismo p\u00fablico\ninsubordin\u00e1ndose a una instrucci\u00f3n superior y coartando, como servidora\np\u00fablica, el derecho a la libertad de opini\u00f3n y de expresi\u00f3n de colectivos de\nmujeres que buscaban igualdad de oportunidades.<\/p>\n\n\n\n<p>\u201cAnte\ntales hechos, que contrastan con la visi\u00f3n de un gobierno incluyente y\ndemocr\u00e1tico, el Presidente Municipal Oswaldo Garc\u00eda Jarqu\u00edn determin\u00f3, en pleno\nuso de las facultades que le confiere la ley, revocar el nombramiento de\nDirectora del Instituto Municipal de la Mujer a la ciudadana Jaquelina Mariana\nEscamilla Villanueva\u201d, refiere el comunicado emitido esta tarde.<\/p>\n","protected":false},"excerpt":{"rendered":"<p>Redacci\u00f3n\/Zona Roja. Oaxaca de Ju\u00e1rez, Oax., 29 de mayo de 2020.- El ayuntamiento de Oaxaca&hellip;<\/p>\n","protected":false},"author":2,"featured_media":12974,"comment_status":"closed","ping_status":"open","sticky":false,"template":"","format":"standard","meta":{"_lmt_disableupdate":"","_lmt_disable":"","_jetpack_memberships_contains_paid_content":false,"footnotes":""},"categories":[109,47],"tags":[244],"class_list":["post-13057","post","type-post","status-publish","format-standard","has-post-thumbnail","hentry","category-minuto-a-minuto","category-zona-gris","tag-jaqueline-escamilla-villanueva"],"jetpack_featured_media_url":"https:\/\/zonaroja.com.mx\/wp-content\/uploads\/2020\/05\/Jaqueline-Escamilla.jpg","jetpack_sharing_enabled":true,"_links":{"self":[{"href":"https:\/\/zonaroja.com.mx\/index.php?rest_route=\/wp\/v2\/posts\/13057","targetHints":{"allow":["GET"]}}],"collection":[{"href":"https:\/\/zonaroja.com.mx\/index.php?rest_route=\/wp\/v2\/posts"}],"about":[{"href":"https:\/\/zonaroja.com.mx\/index.php?rest_route=\/wp\/v2\/types\/post"}],"author":[{"embeddable":true,"href":"https:\/\/zonaroja.com.mx\/index.php?rest_route=\/wp\/v2\/users\/2"}],"replies":[{"embeddable":true,"href":"https:\/\/zonaroja.com.mx\/index.php?rest_route=%2Fwp%2Fv2%2Fcomments&post=13057"}],"version-history":[{"count":1,"href":"https:\/\/zonaroja.com.mx\/index.php?rest_route=\/wp\/v2\/posts\/13057\/revisions"}],"predecessor-version":[{"id":13058,"href":"https:\/\/zonaroja.com.mx\/index.php?rest_route=\/wp\/v2\/posts\/13057\/revisions\/13058"}],"wp:featuredmedia":[{"embeddable":true,"href":"https:\/\/zonaroja.com.mx\/index.php?rest_route=\/wp\/v2\/media\/12974"}],"wp:attachment":[{"href":"https:\/\/zonaroja.com.mx\/index.php?rest_route=%2Fwp%2Fv2%2Fmedia&parent=13057"}],"wp:term":[{"taxonomy":"category","embeddable":true,"href":"https:\/\/zonaroja.com.mx\/index.php?rest_route=%2Fwp%2Fv2%2Fcategories&post=13057"},{"taxonomy":"post_tag","embeddable":true,"href":"https:\/\/zonaroja.com.mx\/index.php?rest_route=%2Fwp%2Fv2%2Ftags&post=13057"}],"curies":[{"name":"wp","href":"https:\/\/api.w.org\/{rel}","templated":true}]}}