{"id":13059,"date":"2020-05-29T21:15:28","date_gmt":"2020-05-30T02:15:28","guid":{"rendered":"http:\/\/www.zonaroja.com.mx\/?p=13059"},"modified":"2020-05-30T13:32:47","modified_gmt":"2020-05-30T18:32:47","slug":"daran-por-terminado-ciclo-escolar-en-oaxaca-sin-regresar-a-las-aulas","status":"publish","type":"post","link":"https:\/\/zonaroja.com.mx\/?p=13059","title":{"rendered":"Dar\u00e1n por terminado ciclo escolar en Oaxaca sin regresar a las aulas"},"content":{"rendered":"\n<p>Redacci\u00f3n\/Zona\nRoja.<\/p>\n\n\n\n<p>Oaxaca de\nJu\u00e1rez, Oax. 29 de mayo de 2020.- El pr\u00f3ximo viernes 5 de mayo concluyen las\nactividades escolares con la educaci\u00f3n a distancia, y el regreso parcial a las\naulas el 10 de agosto para el \u201ccurso remedial\u201d s\u00f3lo ser\u00e1 si hay las condiciones\nsanitarias para ello.<\/p>\n\n\n\n<p>En tanto, del 8 al 12 de junio el magisterio permitir\u00e1 junto con la aplicaci\u00f3n de una evaluaci\u00f3n educativa de los dos trimestres cursados, realizar una valoraci\u00f3n promedial y as\u00ed cerrar el ciclo escolar, inform\u00f3 el Instituto Estatal de Educaci\u00f3n P\u00fablica de Oaxaca.<\/p>\n\n\n\n<p>En un\ncomunicado, indic\u00f3 que se podr\u00e1 tambi\u00e9n considerar la carpeta de experiencias \u201cpara\nayudar en la valoraci\u00f3n de manera positiva a las y los estudiantes; lo\nanterior, permitir\u00e1 efectuar los procedimientos acreditativos necesarios desde\nel confinamiento y sin exposici\u00f3n a riesgos de contagio\u201d.<\/p>\n\n\n\n<p>Expuso\nque en lo relativo a los registros para la expedici\u00f3n de boletas y certificados\nde estudios, se podr\u00e1n realizar por los directivos de los centros educativos en\nlas plataformas institucionales a partir del 15 junio.<\/p>\n\n\n\n<p>En tanto\nque el regreso a clases presencial para el \u201ccurso remedial\u201d ser\u00e1 el 10 de\nagosto, \u201c\u00fanicamente si existe sem\u00e1foro verde, de acuerdo a lo que determinen\nlas autoridades sanitarias.<\/p>\n\n\n\n<p>\u201cLa\nmedida fue tomada acorde con las determinaciones del Consejo de Salubridad\nGeneral del Gobierno de la Rep\u00fablica y los lineamientos decretados por el\ngobernador Alejandro Murat Hinojosa, as\u00ed como en concordancia con lo\nestablecido por la Secretar\u00eda de Educaci\u00f3n P\u00fablica (SEP)\u201d, detall\u00f3 en el\nbolet\u00edn.<\/p>\n\n\n\n<p>Al\nrespecto, el director general del IEEPO, Francisco \u00c1ngel Villarreal estableci\u00f3\nque se continuar\u00e1n respetando los protocolos sanitarios correspondientes para\nsalvaguardar en todo momento la salud de la comunidad escolar de la entidad.<\/p>\n\n\n\n<p>Debido a\nque prevalecen en Oaxaca las causas de fuerza mayor por las que se declar\u00f3 como\nemergencia sanitaria la epidemia generada por Covid-19, y tomando en cuenta los\nriesgos que representa, \u201cla autoridad educativa determin\u00f3 que la reanudaci\u00f3n de\nlas clases en todos los niveles de educaci\u00f3n b\u00e1sica y dem\u00e1s actividades, se\nrealizar\u00e1n de manera presencial, siempre y cuando el sem\u00e1foro sanitario est\u00e9 en\nverde\u201d.<\/p>\n\n\n\n<p>Para\nello, la fecha referencial es el 10 de agosto \u2013establecida por la SEP-, y se\niniciar\u00e1 con un \u201ccurso remedial\u201d personalizado a cada uno de las y los\nescolares, el cual se realizar\u00e1 durante tres semanas de manera alternada hasta\nel 28 de agosto.<\/p>\n\n\n\n<p>Del 8 de\njunio al 7 de agosto, durante el receso escolar, se transmitir\u00e1 \u201cVerano\nDivertido\u201d, que contemplar\u00e1 programas formativos y l\u00fadicos.<\/p>\n\n\n\n<p>\u00c1ngel\nVillarreal afirm\u00f3 que en el regreso presencial a clases en la entidad se\ntomar\u00e1n en cuenta tambi\u00e9n las opiniones de todos los actores educativos en las\nregiones y municipios, que en su mayor\u00eda son de usos y costumbres.<\/p>\n\n\n\n<p>Respecto\nal inicio del ciclo escolar 2020-2021, tentativamente comenzar\u00e1 a partir del 31\nde agosto, en caso que las condiciones sanitarias lo permitan, previa\nsanitizaci\u00f3n de las escuelas e inscripciones que se realizar\u00e1n del 3 al 7 de\nagosto.<\/p>\n","protected":false},"excerpt":{"rendered":"<p>Redacci\u00f3n\/Zona Roja. Oaxaca de Ju\u00e1rez, Oax. 29 de mayo de 2020.- El pr\u00f3ximo viernes 5&hellip;<\/p>\n","protected":false},"author":2,"featured_media":13060,"comment_status":"closed","ping_status":"open","sticky":false,"template":"","format":"standard","meta":{"_lmt_disableupdate":"","_lmt_disable":"","_jetpack_memberships_contains_paid_content":false,"footnotes":""},"categories":[109,46],"tags":[599],"class_list":["post-13059","post","type-post","status-publish","format-standard","has-post-thumbnail","hentry","category-minuto-a-minuto","category-zona-blanca","tag-instituto-estatal-de-educacion-publica-de-oaxaca"],"jetpack_featured_media_url":"https:\/\/zonaroja.com.mx\/wp-content\/uploads\/2020\/05\/IEEPO-3.jpg","jetpack_sharing_enabled":true,"_links":{"self":[{"href":"https:\/\/zonaroja.com.mx\/index.php?rest_route=\/wp\/v2\/posts\/13059","targetHints":{"allow":["GET"]}}],"collection":[{"href":"https:\/\/zonaroja.com.mx\/index.php?rest_route=\/wp\/v2\/posts"}],"about":[{"href":"https:\/\/zonaroja.com.mx\/index.php?rest_route=\/wp\/v2\/types\/post"}],"author":[{"embeddable":true,"href":"https:\/\/zonaroja.com.mx\/index.php?rest_route=\/wp\/v2\/users\/2"}],"replies":[{"embeddable":true,"href":"https:\/\/zonaroja.com.mx\/index.php?rest_route=%2Fwp%2Fv2%2Fcomments&post=13059"}],"version-history":[{"count":2,"href":"https:\/\/zonaroja.com.mx\/index.php?rest_route=\/wp\/v2\/posts\/13059\/revisions"}],"predecessor-version":[{"id":13093,"href":"https:\/\/zonaroja.com.mx\/index.php?rest_route=\/wp\/v2\/posts\/13059\/revisions\/13093"}],"wp:featuredmedia":[{"embeddable":true,"href":"https:\/\/zonaroja.com.mx\/index.php?rest_route=\/wp\/v2\/media\/13060"}],"wp:attachment":[{"href":"https:\/\/zonaroja.com.mx\/index.php?rest_route=%2Fwp%2Fv2%2Fmedia&parent=13059"}],"wp:term":[{"taxonomy":"category","embeddable":true,"href":"https:\/\/zonaroja.com.mx\/index.php?rest_route=%2Fwp%2Fv2%2Fcategories&post=13059"},{"taxonomy":"post_tag","embeddable":true,"href":"https:\/\/zonaroja.com.mx\/index.php?rest_route=%2Fwp%2Fv2%2Ftags&post=13059"}],"curies":[{"name":"wp","href":"https:\/\/api.w.org\/{rel}","templated":true}]}}