{"id":13062,"date":"2020-05-29T21:30:44","date_gmt":"2020-05-30T02:30:44","guid":{"rendered":"http:\/\/www.zonaroja.com.mx\/?p=13062"},"modified":"2020-05-29T21:30:50","modified_gmt":"2020-05-30T02:30:50","slug":"drama-en-mercado-de-abasto-mujeres-denuncian-clausura-arbitraria-de-puestos","status":"publish","type":"post","link":"https:\/\/zonaroja.com.mx\/?p=13062","title":{"rendered":"Drama en Mercado de Abasto: mujeres denuncian clausura arbitraria de puestos"},"content":{"rendered":"\n<p>Evlin\nArag\u00f3n\/Zona Roja.<\/p>\n\n\n\n<p>Oaxaca de\nJu\u00e1rez, Oax., 29 de mayo de 2020.- \u201cYo creo que no es justo. Nosotros le dimos\nvida a este mercado, sufrimos la pena negra, nosotras fuimos las fundadoras y\nahora porque nos tratan as\u00ed. Que nos digan qu\u00e9 cosa hicimos, \u00bfcu\u00e1l es el\ndelito?\u201d.<\/p>\n\n\n\n<p>Entre\nsollozos, as\u00ed se queja Amalia Cruz Mart\u00ednez, comerciante del Marcado de Abasto de\nla ciudad de Oaxaca, al denunciar la clausura arbitraria de su puesto, por\nparte de la administraci\u00f3n.<\/p>\n\n\n\n<p>Con voz\nentrecortada, la tambi\u00e9n fundadora del mercado m\u00e1s grandes en la entidad\noaxaque\u00f1a, reclama que no exista un aviso previo a la clausura por parte de la\nautoridad municipal y por el contrario se haya realizado de forma arbitraria,\nsin que ella y sus compa\u00f1eras&nbsp; conozcan\nlas razones.<\/p>\n\n\n\n<p>Sus\npuestos ocupan una parte de la acerca frente a la administraci\u00f3n central y de\nla polic\u00eda de ese centro comercial, y sin aviso les colocaron sellos \u201cpor\nviolar normas\u201d que ellas mismas desconocen cu\u00e1les.<\/p>\n\n\n\n<p>Explica\nque, previo al incendio que se registr\u00f3 la noche del mi\u00e9rcoles en la zona seca\ndel mercado, no hab\u00edan podido vender durante todo el d\u00eda ya que enfrentaban una\ntragedia personal, un familiar hab\u00eda muerto por la pandemia que azota al mundo,\nluego de ser diagnosticado con Covid-19.<\/p>\n\n\n\n<p>Sin embargo, al acudir para ayudar en los trabajos para sofocar el fuego descubri\u00f3 que su puesto y el de sus compa\u00f1eras estaban clausurados, sin ninguna explicaci\u00f3n por parte de la administradora del mercado, Noem\u00ed Alav\u00e9s Aquino, que hasta ahora no ha dado la cara para explicar la situaci\u00f3n.<\/p>\n\n\n\n<figure class=\"wp-block-embed-twitter wp-block-embed is-type-rich is-provider-twitter\"><div class=\"wp-block-embed__wrapper\">\n<div class=\"twitter-tweet\"><blockquote class=\"twitter-tweet\" data-lang=\"es\"><p lang=\"es\" dir=\"ltr\"><a href=\"https:\/\/twitter.com\/hashtag\/MercadoDeAbasto?src=hash&amp;ref_src=twsrc%5Etfw\">#MercadoDeAbasto<\/a><br>(2) Entre l\u00e1grimas, otra de las comerciantes del Mercado de Abasto -una de las fundadoras, con las antiguas \u201cP\u00e1jaras\u201d-, narra la arbitraria clausura de su puesto por parte de la administradora <a href=\"https:\/\/twitter.com\/AquinoAlavez?ref_src=twsrc%5Etfw\">@AquinoAlavez<\/a> <a href=\"https:\/\/t.co\/tEpznLycOK\">pic.twitter.com\/tEpznLycOK<\/a><\/p>&mdash; Zona Roja Oaxaca (@MexRoja) <a href=\"https:\/\/twitter.com\/MexRoja\/status\/1266372670922256385?ref_src=twsrc%5Etfw\">29 de mayo de 2020<\/a><\/blockquote><\/div>\n<\/div><\/figure>\n\n\n\n<p>\u201cElla\ncomo autoridad, ahora con la tragedia que sucedi\u00f3 es para que estuviera aqu\u00ed y\nno est\u00e1, que le pasa si no es suficiente para el cargo que se lo d\u00e9 a otras\npersonas. Aqu\u00ed el presidente no viene, la se\u00f1ora no viene, el gobernador no\nviene, \u00bfque les pasa? Nosotros la gente trabajadora somos los que le costeamos\nsu dinero\u201d, dijo.<\/p>\n\n\n\n<p>Por lo\nanterior Cruz Mart\u00ednez exigi\u00f3 a las autoridades estatales y municipales que\nhabiliten nuevamente su puesto y quiten los sellos de clausura ya que se trata\nde la \u00fanica fuente de ingreso que tiene ella y sus compa\u00f1eras, a la par que\ncritic\u00f3 la falta de atenci\u00f3n de las autoridades en todo el mercado, pese a que\nvan al corriente de sus pagos.<\/p>\n\n\n\n<p>SIN\nNOTIFICACI\u00d3N<\/p>\n\n\n\n<p>Dulce\nMar\u00eda Mondrag\u00f3n Cruz, tambi\u00e9n comerciante, reitera que no existe notificaci\u00f3n\nprevia que justifique la clausura de sus puestos de frutas y legumbres, aunque\nla hoja de clausura refiere que no respetaron los acuerdos.<\/p>\n\n\n\n<p>\u201cJam\u00e1s se nos notific\u00f3, no s\u00e9 cu\u00e1l es el acuerdo, la verdad no sabr\u00eda yo decirles. Cuando empez\u00f3 este problema de la pandemia nos pidieron que us\u00e1ramos cubrebocas, gel antibacterial, botes de agua con jab\u00f3n para apoyar a la gente que viene a comprar y as\u00ed se ha hecho\u201d, manifiesta a la par que muestra que han cumplido con esos requerimientos en sus puestos.<\/p>\n\n\n\n<figure class=\"wp-block-embed-twitter wp-block-embed is-type-rich is-provider-twitter\"><div class=\"wp-block-embed__wrapper\">\n<div class=\"twitter-tweet\"><blockquote class=\"twitter-tweet\" data-lang=\"es\"><p lang=\"es\" dir=\"ltr\"><a href=\"https:\/\/twitter.com\/hashtag\/MercadoDeAbasto?src=hash&amp;ref_src=twsrc%5Etfw\">#MercadoDeAbasto<\/a><br>(1) Adem\u00e1s de coronavirus y bajas ventas, una comerciante del Mercado de Abasto de la capital oaxaque\u00f1a, fue v\u00edctima tambi\u00e9n de clausura de puestos por parte del <a href=\"https:\/\/twitter.com\/MunicipioOaxaca?ref_src=twsrc%5Etfw\">@MunicipioOaxaca<\/a>, sin cometer faltas, seg\u00fan denuncia. <a href=\"https:\/\/t.co\/ZGouHjE8zp\">pic.twitter.com\/ZGouHjE8zp<\/a><\/p>&mdash; Zona Roja Oaxaca (@MexRoja) <a href=\"https:\/\/twitter.com\/MexRoja\/status\/1266360500192899080?ref_src=twsrc%5Etfw\">29 de mayo de 2020<\/a><\/blockquote><\/div>\n<\/div><\/figure>\n\n\n\n<p>A pesar de\nque las ventas han bajado de forma considerable en las \u00faltimas semanas, las\nmujeres enfrentan ahora la clausura arbitraria de sus puestos ya que no han\ndado la informaci\u00f3n en torno a las nuevas disposiciones, si es que existieran,\npara la venta en la Central de Abasto.<\/p>\n\n\n\n<p>\u201cNosotras\nayer (mi\u00e9rcoles) llegamos tarde por un compromiso familiar, y hoy que llegamos\nse encuentran nuestros puestos clausurados sin ning\u00fan tipo de notificaci\u00f3n de\nla autoridad del mercado, pese a que nos encontramos enfrente de las oficinas\nde la administraci\u00f3n\u201d, se\u00f1alan.<\/p>\n\n\n\n<p>Dulce y su familia tambi\u00e9n comerciante del lugar coincidieron en que las ventas cada vez est\u00e1n m\u00e1s bajas, sin embargo reafirmaron se trata de la \u00fanica fuente para sacar adelante a sus hijos, lo cuales incluso llevan diario a la Central de Abasto por no tener con quien dejarlos o contar con recursos para llevarlos a una instancia infantil que las apoye en el cuidado.<\/p>\n\n\n\n<figure class=\"wp-block-image\"><img decoding=\"async\" width=\"320\" height=\"240\" src=\"http:\/\/www.zonaroja.com.mx\/wp-content\/uploads\/2020\/05\/IMG_4621.png\" alt=\"\" class=\"wp-image-13064\" srcset=\"https:\/\/zonaroja.com.mx\/wp-content\/uploads\/2020\/05\/IMG_4621.png 320w, https:\/\/zonaroja.com.mx\/wp-content\/uploads\/2020\/05\/IMG_4621-300x225.png 300w\" sizes=\"(max-width: 320px) 100vw, 320px\" \/><\/figure>\n","protected":false},"excerpt":{"rendered":"<p>Evlin Arag\u00f3n\/Zona Roja. Oaxaca de Ju\u00e1rez, Oax., 29 de mayo de 2020.- \u201cYo creo que&hellip;<\/p>\n","protected":false},"author":2,"featured_media":13063,"comment_status":"closed","ping_status":"open","sticky":false,"template":"","format":"standard","meta":{"_lmt_disableupdate":"","_lmt_disable":"","_jetpack_memberships_contains_paid_content":false,"footnotes":""},"categories":[109,47],"tags":[1077],"class_list":["post-13062","post","type-post","status-publish","format-standard","has-post-thumbnail","hentry","category-minuto-a-minuto","category-zona-gris","tag-mercado-de-abasto-ciudad-de-oaxaca"],"jetpack_featured_media_url":"https:\/\/zonaroja.com.mx\/wp-content\/uploads\/2020\/05\/IMG_4620.png","jetpack_sharing_enabled":true,"_links":{"self":[{"href":"https:\/\/zonaroja.com.mx\/index.php?rest_route=\/wp\/v2\/posts\/13062","targetHints":{"allow":["GET"]}}],"collection":[{"href":"https:\/\/zonaroja.com.mx\/index.php?rest_route=\/wp\/v2\/posts"}],"about":[{"href":"https:\/\/zonaroja.com.mx\/index.php?rest_route=\/wp\/v2\/types\/post"}],"author":[{"embeddable":true,"href":"https:\/\/zonaroja.com.mx\/index.php?rest_route=\/wp\/v2\/users\/2"}],"replies":[{"embeddable":true,"href":"https:\/\/zonaroja.com.mx\/index.php?rest_route=%2Fwp%2Fv2%2Fcomments&post=13062"}],"version-history":[{"count":1,"href":"https:\/\/zonaroja.com.mx\/index.php?rest_route=\/wp\/v2\/posts\/13062\/revisions"}],"predecessor-version":[{"id":13065,"href":"https:\/\/zonaroja.com.mx\/index.php?rest_route=\/wp\/v2\/posts\/13062\/revisions\/13065"}],"wp:featuredmedia":[{"embeddable":true,"href":"https:\/\/zonaroja.com.mx\/index.php?rest_route=\/wp\/v2\/media\/13063"}],"wp:attachment":[{"href":"https:\/\/zonaroja.com.mx\/index.php?rest_route=%2Fwp%2Fv2%2Fmedia&parent=13062"}],"wp:term":[{"taxonomy":"category","embeddable":true,"href":"https:\/\/zonaroja.com.mx\/index.php?rest_route=%2Fwp%2Fv2%2Fcategories&post=13062"},{"taxonomy":"post_tag","embeddable":true,"href":"https:\/\/zonaroja.com.mx\/index.php?rest_route=%2Fwp%2Fv2%2Ftags&post=13062"}],"curies":[{"name":"wp","href":"https:\/\/api.w.org\/{rel}","templated":true}]}}