{"id":13073,"date":"2020-05-30T07:45:24","date_gmt":"2020-05-30T12:45:24","guid":{"rendered":"http:\/\/www.zonaroja.com.mx\/?p=13073"},"modified":"2020-05-30T07:45:27","modified_gmt":"2020-05-30T12:45:27","slug":"aseguran-que-se-dignifican-instalaciones-de-policia-estatal-en-tuxtepec","status":"publish","type":"post","link":"https:\/\/zonaroja.com.mx\/?p=13073","title":{"rendered":"Aseguran que se dignifican instalaciones de Polic\u00eda Estatal en Tuxtepec"},"content":{"rendered":"\n<p>Redacci\u00f3n\/Zona\nRoja.<\/p>\n\n\n\n<p>Oaxaca de\nJu\u00e1rez, Oax., 30 de mayo de 2020.- A la par del inicio del operativo especial\nen los l\u00edmites del estado de Veracruz, se inici\u00f3 con el reacondicionamiento de\nla sede de la Polic\u00eda Estatal en San Juan Bautista Tuxtepec, a fin de\nbrindarles un espacio digno, inform\u00f3 la Secretar\u00eda de Seguridad P\u00fablica de\nOaxaca (SSPO).<\/p>\n\n\n\n<p>La\ndependencia inform\u00f3 que se realiz\u00f3 el reemplazo de vidrios rotos, techado,\nentre otras reparaciones, a las que se sumar\u00e1n una serie de otras mejoras que\nse estar\u00e1n realizando o adecuando en las pr\u00f3ximas semanas.<\/p>\n\n\n\n<p>Inform\u00f3\nque el Gobierno del Estado contin\u00faa trabajando en la dignificaci\u00f3n de la labor\nde todos los integrantes de las corporaciones de seguridad adscritas a la\ndependencia, as\u00ed como de la infraestructura en donde desarrollan sus\nactividades los uniformados.<\/p>\n\n\n\n<p>Aunado a\nlos trabajos y operativos que se realizan como parte de la campa\u00f1a para\nprevenir los contagios por la pandemia del Covid-19, la SSPO ha venido\nrealizando la sanitizaci\u00f3n, reparaci\u00f3n y acondicionamiento de las comandancias,\nbases, puestos de vigilancia y dem\u00e1s instalaciones en donde los polic\u00edas\nrealizan su loable labor en favor de la seguridad de los oaxaque\u00f1os, as\u00ed como\nde los espacios que cohabitan al momento de sus merecidos descansos.<\/p>\n\n\n\n<p>Expuso\nque la SSPO est\u00e1 comprometida a dignificar y apoyar a sus elementos que d\u00eda a\nd\u00eda de forma valerosa y con orgullo se encarga de velar por la seguridad y paz\nde los oaxaque\u00f1os.<\/p>\n\n\n\n<p>Por lo\nanterior, pese a los dem\u00e1s operativos y acciones que se desarrollan por la pandemia,\nse continuar\u00e1 con el mejoramiento y readaptaci\u00f3n de todos los espacios que son\nocupados por las corporaciones adscritas a esta Secretar\u00eda, detall\u00f3 en un\nreporte.<\/p>\n","protected":false},"excerpt":{"rendered":"<p>Redacci\u00f3n\/Zona Roja. Oaxaca de Ju\u00e1rez, Oax., 30 de mayo de 2020.- A la par del&hellip;<\/p>\n","protected":false},"author":2,"featured_media":13074,"comment_status":"closed","ping_status":"open","sticky":false,"template":"","format":"standard","meta":{"_lmt_disableupdate":"","_lmt_disable":"","_jetpack_memberships_contains_paid_content":false,"footnotes":""},"categories":[109,47],"tags":[175],"class_list":["post-13073","post","type-post","status-publish","format-standard","has-post-thumbnail","hentry","category-minuto-a-minuto","category-zona-gris","tag-secretaria-de-seguridad-publica-de-oaxaca"],"jetpack_featured_media_url":"https:\/\/zonaroja.com.mx\/wp-content\/uploads\/2020\/05\/PHOTO-2020-05-29-13-35-33.jpg","jetpack_sharing_enabled":true,"_links":{"self":[{"href":"https:\/\/zonaroja.com.mx\/index.php?rest_route=\/wp\/v2\/posts\/13073","targetHints":{"allow":["GET"]}}],"collection":[{"href":"https:\/\/zonaroja.com.mx\/index.php?rest_route=\/wp\/v2\/posts"}],"about":[{"href":"https:\/\/zonaroja.com.mx\/index.php?rest_route=\/wp\/v2\/types\/post"}],"author":[{"embeddable":true,"href":"https:\/\/zonaroja.com.mx\/index.php?rest_route=\/wp\/v2\/users\/2"}],"replies":[{"embeddable":true,"href":"https:\/\/zonaroja.com.mx\/index.php?rest_route=%2Fwp%2Fv2%2Fcomments&post=13073"}],"version-history":[{"count":1,"href":"https:\/\/zonaroja.com.mx\/index.php?rest_route=\/wp\/v2\/posts\/13073\/revisions"}],"predecessor-version":[{"id":13075,"href":"https:\/\/zonaroja.com.mx\/index.php?rest_route=\/wp\/v2\/posts\/13073\/revisions\/13075"}],"wp:featuredmedia":[{"embeddable":true,"href":"https:\/\/zonaroja.com.mx\/index.php?rest_route=\/wp\/v2\/media\/13074"}],"wp:attachment":[{"href":"https:\/\/zonaroja.com.mx\/index.php?rest_route=%2Fwp%2Fv2%2Fmedia&parent=13073"}],"wp:term":[{"taxonomy":"category","embeddable":true,"href":"https:\/\/zonaroja.com.mx\/index.php?rest_route=%2Fwp%2Fv2%2Fcategories&post=13073"},{"taxonomy":"post_tag","embeddable":true,"href":"https:\/\/zonaroja.com.mx\/index.php?rest_route=%2Fwp%2Fv2%2Ftags&post=13073"}],"curies":[{"name":"wp","href":"https:\/\/api.w.org\/{rel}","templated":true}]}}