{"id":13079,"date":"2020-05-30T08:29:01","date_gmt":"2020-05-30T13:29:01","guid":{"rendered":"http:\/\/www.zonaroja.com.mx\/?p=13079"},"modified":"2020-05-30T08:29:04","modified_gmt":"2020-05-30T13:29:04","slug":"realizan-en-oaxaca-capital-marcha-caravana-anti-amlo","status":"publish","type":"post","link":"https:\/\/zonaroja.com.mx\/?p=13079","title":{"rendered":"Realizan en Oaxaca capital marcha-caravana anti AMLO"},"content":{"rendered":"\n<p>Redacci\u00f3n\/Zona\nRoja.<\/p>\n\n\n\n<p>Oaxaca de\nJu\u00e1rez, Oax., 30 de mayo de 2020.- Al menos 50 veh\u00edculos participaron la ma\u00f1ana\nde este s\u00e1bado en una caravana del oriente al centro de la ciudad de Oaxaca, en\nprotesta contra el gobierno de Andr\u00e9s Manuel L\u00f3pez Obrador.<\/p>\n\n\n\n<p>Tras la\ncolocaci\u00f3n de una lona en el puente peatonal, la movilizaci\u00f3n parti\u00f3 poco\ndespu\u00e9s de las siete de la ma\u00f1ana sobre la carretera federal 190, frente al\nmercado zonal de la agencia de Santa Rosa Panzacola, con rumbo a la Alameda de\nLe\u00f3n.<\/p>\n\n\n\n<p>La protesta es organizada por el denominado Frente Nacional AntiAMLO (Frena), bajo la consigna de \u201cAMLO se va de M\u00e9xico\u201d, y se realiza en diversas partes de la Rep\u00fablica Mexicana.<\/p>\n\n\n\n<figure class=\"wp-block-embed-twitter wp-block-embed is-type-rich is-provider-twitter\"><div class=\"wp-block-embed__wrapper\">\n<div class=\"twitter-tweet\"><blockquote class=\"twitter-tweet\" data-lang=\"es\"><p lang=\"es\" dir=\"ltr\"><a href=\"https:\/\/twitter.com\/hashtag\/%C3%9AltimoMinuto?src=hash&amp;ref_src=twsrc%5Etfw\">#\u00daltimoMinuto<\/a> <br>En el centro de la ciudad de <a href=\"https:\/\/twitter.com\/hashtag\/Oaxaca?src=hash&amp;ref_src=twsrc%5Etfw\">#Oaxaca<\/a> culmin\u00f3 esta ma\u00f1ana la caravana del Frente Nacional AntiAMLO, que parti\u00f3 de inmediaciones del mercado zonal de Santa Rosa Panzacola; exigen la salida del Presidente de M\u00e9xico, <a href=\"https:\/\/twitter.com\/lopezobrador_?ref_src=twsrc%5Etfw\">@lopezobrador_<\/a>. <a href=\"https:\/\/t.co\/7LtjkR4urC\">pic.twitter.com\/7LtjkR4urC<\/a><\/p>&mdash; Zona Roja Oaxaca (@MexRoja) <a href=\"https:\/\/twitter.com\/MexRoja\/status\/1266721875838881793?ref_src=twsrc%5Etfw\">30 de mayo de 2020<\/a><\/blockquote><\/div>\n<\/div><\/figure>\n\n\n\n<p>\u201cEstamos\nen desacuerdo con las pol\u00edticas comunistas de L\u00f3pez Obrador, queremos que se\nvaya antes del 30 de noviembre; somos ciudadanos que pagamos impuestos, que\ntrabajamos.<\/p>\n\n\n\n<p>\u201cNo\nqueremos un pa\u00eds comunista, no queremos un venezuelazo y queremos respeto a\nnuestros ni\u00f1os y a nuestras mujeres que nos est\u00e1n matando\u2026 el se\u00f1or quiere\ncontabilizar la alegr\u00eda cuando (la gente) cuando no tiene ni para comer\u201d, dijo\nuna de las participantes.<\/p>\n\n\n\n<p>Seg\u00fan\ninform\u00f3, el Frena lo integran 67 colectivos en el pa\u00eds y Estados Unidos de\nNorteam\u00e9rica y lo preside Gilberto Lozano. <\/p>\n","protected":false},"excerpt":{"rendered":"<p>Redacci\u00f3n\/Zona Roja. Oaxaca de Ju\u00e1rez, Oax., 30 de mayo de 2020.- Al menos 50 veh\u00edculos&hellip;<\/p>\n","protected":false},"author":2,"featured_media":13080,"comment_status":"closed","ping_status":"open","sticky":false,"template":"","format":"standard","meta":{"_lmt_disableupdate":"","_lmt_disable":"","_jetpack_memberships_contains_paid_content":false,"footnotes":""},"categories":[109,47],"tags":[],"class_list":["post-13079","post","type-post","status-publish","format-standard","has-post-thumbnail","hentry","category-minuto-a-minuto","category-zona-gris"],"jetpack_featured_media_url":"https:\/\/zonaroja.com.mx\/wp-content\/uploads\/2020\/05\/Caravana-anti-AMLO.jpg","jetpack_sharing_enabled":true,"_links":{"self":[{"href":"https:\/\/zonaroja.com.mx\/index.php?rest_route=\/wp\/v2\/posts\/13079","targetHints":{"allow":["GET"]}}],"collection":[{"href":"https:\/\/zonaroja.com.mx\/index.php?rest_route=\/wp\/v2\/posts"}],"about":[{"href":"https:\/\/zonaroja.com.mx\/index.php?rest_route=\/wp\/v2\/types\/post"}],"author":[{"embeddable":true,"href":"https:\/\/zonaroja.com.mx\/index.php?rest_route=\/wp\/v2\/users\/2"}],"replies":[{"embeddable":true,"href":"https:\/\/zonaroja.com.mx\/index.php?rest_route=%2Fwp%2Fv2%2Fcomments&post=13079"}],"version-history":[{"count":1,"href":"https:\/\/zonaroja.com.mx\/index.php?rest_route=\/wp\/v2\/posts\/13079\/revisions"}],"predecessor-version":[{"id":13081,"href":"https:\/\/zonaroja.com.mx\/index.php?rest_route=\/wp\/v2\/posts\/13079\/revisions\/13081"}],"wp:featuredmedia":[{"embeddable":true,"href":"https:\/\/zonaroja.com.mx\/index.php?rest_route=\/wp\/v2\/media\/13080"}],"wp:attachment":[{"href":"https:\/\/zonaroja.com.mx\/index.php?rest_route=%2Fwp%2Fv2%2Fmedia&parent=13079"}],"wp:term":[{"taxonomy":"category","embeddable":true,"href":"https:\/\/zonaroja.com.mx\/index.php?rest_route=%2Fwp%2Fv2%2Fcategories&post=13079"},{"taxonomy":"post_tag","embeddable":true,"href":"https:\/\/zonaroja.com.mx\/index.php?rest_route=%2Fwp%2Fv2%2Ftags&post=13079"}],"curies":[{"name":"wp","href":"https:\/\/api.w.org\/{rel}","templated":true}]}}