{"id":13082,"date":"2020-05-30T10:50:40","date_gmt":"2020-05-30T15:50:40","guid":{"rendered":"http:\/\/www.zonaroja.com.mx\/?p=13082"},"modified":"2020-05-30T10:50:43","modified_gmt":"2020-05-30T15:50:43","slug":"ninas-y-ninos-los-mas-afectados-con-la-falta-de-agua-en-ayutla-mixe","status":"publish","type":"post","link":"https:\/\/zonaroja.com.mx\/?p=13082","title":{"rendered":"Ni\u00f1as y ni\u00f1os los m\u00e1s afectados con la falta de agua en Ayutla Mixe"},"content":{"rendered":"\n<p>Evlin\nArag\u00f3n\/Zona Roja.<\/p>\n\n\n\n<p>Oaxaca de\nJu\u00e1rez, Oax., 30 de mayo de 2020.- La ni\u00f1ez de San Pedro y San Pablo Ayutla se\nha convertido en uno de los sectores m\u00e1s vulnerados en sus derechos humanos con\nla falta de agua en el municipio, que lleva m\u00e1s de tres a\u00f1os sin que las\nautoridades del gobierno de Oaxaca puedan dar soluci\u00f3n.<\/p>\n\n\n\n<p>De\nacuerdo con el informe \u201cMisi\u00f3n Civil de Observaci\u00f3n, la problem\u00e1tica del\nderecho humano al agua entre las comunidades mixes de Ayutla y Tamazul\u00e1pam\u201d, elaborado\npor la organizaci\u00f3n C\u00f3digo DH, las ni\u00f1as y los ni\u00f1os han presentado ya\nproblemas de salud debido a las carencias en el acceso del vital l\u00edquido.<\/p>\n\n\n\n<p>\u201cLos m\u00e1s\nafectados en #AyutlaMixe son lxs ni\u00f1xs que han presentado problemas\ngastrointestinales e infecciones de v\u00edas urinarias frecuentes. La falta de agua\nimpacta en la asistencia a clases y en el gasto familiar\u201d, refiere la\norganizaci\u00f3n a trav\u00e9s de sus redes sociales.<\/p>\n\n\n\n<p>Mientras\nque en el documento es evidente que la falta del agua constituye una grave\nviolaci\u00f3n a los derechos ni\u00f1as y ni\u00f1os, ya que en la Convenci\u00f3n sobre los\nDerechos del Ni\u00f1o, en su art\u00edculo 24,&nbsp; se\nexige a los Estados Partes que luchen contra las enfermedades y la malnutrici\u00f3n\nmediante el suministro de alimentos nutritivos adecuados y agua potable\nsalubre.<\/p>\n\n\n\n<p>La falta\nde agua potable se convierte en una bola de nieve en torno a las violaciones de\nderechos ya que deriva en las afectaciones a otros derechos de las ni\u00f1as, ni\u00f1os\ny adolescentes, como son la educaci\u00f3n, salud y la falta de seguridad, mismas\nque han sido denunciadas, sin que hasta el momento las autoridades tomen cartas\nen el asunto.<\/p>\n\n\n\n<p>\u201cA pesar\nde las afectaciones en detrimento del inter\u00e9s superior de la ni\u00f1ez y quejas\nreiteradas de personal docente, madres y padres de familia, hasta el momento\nlas autoridades estatales, incluido el Instituto Estatal de Educaci\u00f3n P\u00fablica\nde Oaxaca (IEEPO), siguen sin dar soluci\u00f3n al tema del agua\u201d.<\/p>\n\n\n\n<p>Por lo\nanterior y como parte de la misi\u00f3n de observaci\u00f3n C\u00f3digo DH recomienda dar prioridad\na la reconexi\u00f3n del sistema de agua potable de Ayutla, y evitar seguir\nvulnerando los derechos humanos, tomando en cuenta que el acceso al l\u00edquido es\nun derecho humano, y en consecuencia una responsabilidad primordial del gobierno\nfederal y estatal.<\/p>\n\n\n\n<p>\u201cEl agua\nno debe ser considerada como una moneda de cambio o un recurso natural sujeto a\nnegociaci\u00f3n, es por ello que deben las autoridades utilizar el m\u00e1ximo de\nrecursos disponibles para garantizar este derecho\u201d, concluye<\/p>\n","protected":false},"excerpt":{"rendered":"<p>Evlin Arag\u00f3n\/Zona Roja. Oaxaca de Ju\u00e1rez, Oax., 30 de mayo de 2020.- La ni\u00f1ez de&hellip;<\/p>\n","protected":false},"author":2,"featured_media":10618,"comment_status":"closed","ping_status":"open","sticky":false,"template":"","format":"standard","meta":{"_lmt_disableupdate":"","_lmt_disable":"","_jetpack_memberships_contains_paid_content":false,"footnotes":""},"categories":[109,47],"tags":[501],"class_list":["post-13082","post","type-post","status-publish","format-standard","has-post-thumbnail","hentry","category-minuto-a-minuto","category-zona-gris","tag-san-pedro-y-san-pablo-ayutla-mixe"],"jetpack_featured_media_url":"https:\/\/zonaroja.com.mx\/wp-content\/uploads\/2020\/04\/Agua-para-Ayutla5.jpg","jetpack_sharing_enabled":true,"_links":{"self":[{"href":"https:\/\/zonaroja.com.mx\/index.php?rest_route=\/wp\/v2\/posts\/13082","targetHints":{"allow":["GET"]}}],"collection":[{"href":"https:\/\/zonaroja.com.mx\/index.php?rest_route=\/wp\/v2\/posts"}],"about":[{"href":"https:\/\/zonaroja.com.mx\/index.php?rest_route=\/wp\/v2\/types\/post"}],"author":[{"embeddable":true,"href":"https:\/\/zonaroja.com.mx\/index.php?rest_route=\/wp\/v2\/users\/2"}],"replies":[{"embeddable":true,"href":"https:\/\/zonaroja.com.mx\/index.php?rest_route=%2Fwp%2Fv2%2Fcomments&post=13082"}],"version-history":[{"count":1,"href":"https:\/\/zonaroja.com.mx\/index.php?rest_route=\/wp\/v2\/posts\/13082\/revisions"}],"predecessor-version":[{"id":13083,"href":"https:\/\/zonaroja.com.mx\/index.php?rest_route=\/wp\/v2\/posts\/13082\/revisions\/13083"}],"wp:featuredmedia":[{"embeddable":true,"href":"https:\/\/zonaroja.com.mx\/index.php?rest_route=\/wp\/v2\/media\/10618"}],"wp:attachment":[{"href":"https:\/\/zonaroja.com.mx\/index.php?rest_route=%2Fwp%2Fv2%2Fmedia&parent=13082"}],"wp:term":[{"taxonomy":"category","embeddable":true,"href":"https:\/\/zonaroja.com.mx\/index.php?rest_route=%2Fwp%2Fv2%2Fcategories&post=13082"},{"taxonomy":"post_tag","embeddable":true,"href":"https:\/\/zonaroja.com.mx\/index.php?rest_route=%2Fwp%2Fv2%2Ftags&post=13082"}],"curies":[{"name":"wp","href":"https:\/\/api.w.org\/{rel}","templated":true}]}}