{"id":13098,"date":"2020-05-30T15:52:45","date_gmt":"2020-05-30T20:52:45","guid":{"rendered":"http:\/\/www.zonaroja.com.mx\/?p=13098"},"modified":"2020-05-30T15:52:49","modified_gmt":"2020-05-30T20:52:49","slug":"propone-diputado-base-laboral-para-personal-medico-en-oaxaca","status":"publish","type":"post","link":"https:\/\/zonaroja.com.mx\/?p=13098","title":{"rendered":"Propone diputado base laboral para personal m\u00e9dico en Oaxaca"},"content":{"rendered":"\n<p>Redacci\u00f3n\/Zona\nRoja.<\/p>\n\n\n\n<p>Oaxaca de\nJu\u00e1rez, Oax., 30 de mayo de 2020.- En Oaxaca el n\u00famero de m\u00e9dicos y enfermeras\ncontagiados por Covid-19 est\u00e1 a punto de llegar a 300.<\/p>\n\n\n\n<p>De\nacuerdo con los Servicios de Salud de Oaxaca, son hasta el viernes por la\nnoche, 107 m\u00e9dicos, 127 enfermeras y 32 en otras \u00e1reas del sector, para sumar\n266.<\/p>\n\n\n\n<p>En la\nentidad, un importante n\u00famero de trabajadores de la salud no cuenta con una\nbase laboral y se les niega el acceso a diversas prestaciones y servicios\nsociales que deber\u00edan ser obligatorios.<\/p>\n\n\n\n<p>Ello los\ndeja en el desamparo en los casos de incapacidad o muerte derivados de su\ntrabajo, se\u00f1al\u00f3 el presidente de la Junta de Coordinaci\u00f3n Pol\u00edtica de la 64 Legislatura\nde Oaxaca, Horacio Sosa Villavicencio.<\/p>\n\n\n\n<p>En raz\u00f3n\nde lo anterior, present\u00f3 ante el Pleno Legislativo la propuesta de reforma a la\nLey del Servicio Civil para los Empleados del Gobierno del Estado, con el fin\nde basificar a las y los trabajadores de los servicios m\u00e9dicos que en la\ncontingencia por Covid-19 en Oaxaca, se encuentran en la primera l\u00ednea de\nrespuesta a la contingencia.<\/p>\n\n\n\n<p>La\niniciativa de Sosa Villavicencio busca contribuir a la soluci\u00f3n de ese\nproblema, en cuatro l\u00edneas de acci\u00f3n: basificar a las y los profesionales de la\nsalud; otorgar un bono mensual de 50% por encima de sus sueldos.<\/p>\n\n\n\n<p>Facilitar\nla basificaci\u00f3n a las y los empleados de nuevo ingreso, reduciendo de seis\nmeses a dos meses el periodo de trabajo previo a obtener la base, y tomar en\ncuenta el bono como parte del sueldo para las pensiones por incapacidad o\nmuerte.&nbsp; <\/p>\n\n\n\n<p>Salvo el\nprimer punto, los dem\u00e1s se proponen como art\u00edculos transitorios, exclusivamente\npara el ejercicio fiscal 2020, indic\u00f3 en un comunicado de prensa.<\/p>\n\n\n\n<p>El\nlegislador por el Partido Morena advirti\u00f3 que debe ser una prioridad de Estado\nofrecer condiciones m\u00ednimas a las personas que en el contexto de la pandemia\narriesgan su salud y su vida para atender a las y los ciudadanos de Oaxaca que\nhan sido y ser\u00e1n contagiados por hacer frente al Covid-19, y a sus familias, en\ncaso de que ese trabajo les llevase a fallecer.<\/p>\n\n\n\n<p>La\npropuesta fue avalada por las y los diputados que integran el Grupo\nParlamentario de Morena en el Congreso de Oaxaca y fue remitida para su\nan\u00e1lisis en comisiones y posterior votaci\u00f3n ante el Pleno Legislativo.<\/p>\n","protected":false},"excerpt":{"rendered":"<p>Redacci\u00f3n\/Zona Roja. Oaxaca de Ju\u00e1rez, Oax., 30 de mayo de 2020.- En Oaxaca el n\u00famero&hellip;<\/p>\n","protected":false},"author":2,"featured_media":13099,"comment_status":"closed","ping_status":"open","sticky":false,"template":"","format":"standard","meta":{"_lmt_disableupdate":"","_lmt_disable":"","_jetpack_memberships_contains_paid_content":false,"footnotes":""},"categories":[109,46],"tags":[444],"class_list":["post-13098","post","type-post","status-publish","format-standard","has-post-thumbnail","hentry","category-minuto-a-minuto","category-zona-blanca","tag-horacio-sosa-villavicencio"],"jetpack_featured_media_url":"https:\/\/zonaroja.com.mx\/wp-content\/uploads\/2020\/05\/Horacio-Sosa-M\u00e9dicos.jpg","jetpack_sharing_enabled":true,"_links":{"self":[{"href":"https:\/\/zonaroja.com.mx\/index.php?rest_route=\/wp\/v2\/posts\/13098","targetHints":{"allow":["GET"]}}],"collection":[{"href":"https:\/\/zonaroja.com.mx\/index.php?rest_route=\/wp\/v2\/posts"}],"about":[{"href":"https:\/\/zonaroja.com.mx\/index.php?rest_route=\/wp\/v2\/types\/post"}],"author":[{"embeddable":true,"href":"https:\/\/zonaroja.com.mx\/index.php?rest_route=\/wp\/v2\/users\/2"}],"replies":[{"embeddable":true,"href":"https:\/\/zonaroja.com.mx\/index.php?rest_route=%2Fwp%2Fv2%2Fcomments&post=13098"}],"version-history":[{"count":1,"href":"https:\/\/zonaroja.com.mx\/index.php?rest_route=\/wp\/v2\/posts\/13098\/revisions"}],"predecessor-version":[{"id":13100,"href":"https:\/\/zonaroja.com.mx\/index.php?rest_route=\/wp\/v2\/posts\/13098\/revisions\/13100"}],"wp:featuredmedia":[{"embeddable":true,"href":"https:\/\/zonaroja.com.mx\/index.php?rest_route=\/wp\/v2\/media\/13099"}],"wp:attachment":[{"href":"https:\/\/zonaroja.com.mx\/index.php?rest_route=%2Fwp%2Fv2%2Fmedia&parent=13098"}],"wp:term":[{"taxonomy":"category","embeddable":true,"href":"https:\/\/zonaroja.com.mx\/index.php?rest_route=%2Fwp%2Fv2%2Fcategories&post=13098"},{"taxonomy":"post_tag","embeddable":true,"href":"https:\/\/zonaroja.com.mx\/index.php?rest_route=%2Fwp%2Fv2%2Ftags&post=13098"}],"curies":[{"name":"wp","href":"https:\/\/api.w.org\/{rel}","templated":true}]}}