{"id":13101,"date":"2020-05-30T16:01:06","date_gmt":"2020-05-30T21:01:06","guid":{"rendered":"http:\/\/www.zonaroja.com.mx\/?p=13101"},"modified":"2020-05-30T16:01:09","modified_gmt":"2020-05-30T21:01:09","slug":"fiscalia-general-de-oaxaca-infla-cifras-sobre-su-productividad","status":"publish","type":"post","link":"https:\/\/zonaroja.com.mx\/?p=13101","title":{"rendered":"Fiscal\u00eda General de Oaxaca \u201cinfla\u201d cifras sobre su productividad"},"content":{"rendered":"\n<p>Redacci\u00f3n\/Estado\n20<\/p>\n\n\n\n<p>Oaxaca de\nJu\u00e1rez, Oax., 30 de mayo de 2020.- La Fiscal\u00eda General del Estado de Oaxaca\n\u201cinfla\u201d sus estad\u00edsticas sobre la productividad de sus funciones, seg\u00fan el\ncomparativo de lo que publica en sus redes sociales con sus propios informes\nanuales.<\/p>\n\n\n\n<p>En su\ncuenta de Twitter, la dependencia a cargo de Rub\u00e9n Vasconcelos afirm\u00f3 que\ndurante 2019 logr\u00f3 769 \u00f3rdenes de aprehensi\u00f3n y afirm\u00f3 que esta cifra\nrepresent\u00f3 un incremento de 177 por ciento con relaci\u00f3n a las realizadas en\n2018.<\/p>\n\n\n\n<p>\u201cCon un\ntotal de 769 \u00f3rdenes de aprehensi\u00f3n ejecutadas durante 2019, la Fiscal\u00eda\nGeneral del Estado de Oaxaca logr\u00f3 un incremento de 177% con relaci\u00f3n a 2018,\na\u00f1o donde ejecut\u00f3 277 detenciones\u201d, presumi\u00f3 en la red social.<\/p>\n\n\n\n<p>Sin\nembargo, en los \u00faltimos tres a\u00f1os las \u00f3rdenes de aprehensi\u00f3n ejecutadas por la\nFiscal\u00eda General del Estado de Oaxaca disminuyeron en un 27.3 por ciento, de\nacuerdo con sus informes anuales.<\/p>\n\n\n\n<p>Seg\u00fan sus\npropios reportes de productividad, la Fiscal\u00eda de Oaxaca detalla que en el a\u00f1o\n2017 se dio cumplimiento a mil 59 \u00f3rdenes de aprehensi\u00f3n (10 m\u00e1s que las\nreportadas por la Agencia Estatal de Investigaciones en el mismo a\u00f1o).<\/p>\n\n\n\n<p>En 2018\nla cantidad de \u00f3rdenes de aprehensi\u00f3n se redujo a un total de 883 y continu\u00f3 a\nla baja en el 2019, donde report\u00f3 que se dio cumplimiento \u00fanicamente a 769. La\nmayor\u00eda se concentra en la regi\u00f3n Valles Centrales con 63 por ciento del total.<\/p>\n\n\n\n<p>Por porcentaje\nen el n\u00famero de \u00f3rdenes de aprehensi\u00f3n ejecutadas, la Costa concentra el 15.3%,\nel Istmo de Tehuantepec 3.5%, la Cuenca del Papaloapan 4.6%, la Sierra Norte\n2.2%, la Sierra Sur 3.2%, la Mixteca 4.5% y la Ca\u00f1ada 2.3 por ciento.<\/p>\n\n\n\n<p>Los\ninformes hasta el a\u00f1o 2018, tambi\u00e9n indican una reducci\u00f3n en el n\u00famero de\nveh\u00edculos con reporte de robo recuperados; mientras que en 2017 se recuperaron\nmil 735 veh\u00edculos, la cantidad descendi\u00f3 a 951 al a\u00f1o siguiente, es decir, en\nun 54.8 por ciento.<\/p>\n\n\n\n<p>Otro\nindicador que de igual manera registr\u00f3 un descenso, con el que la Fiscal\u00eda del\nEstado mide su productividad, es el de la cantidad de operativos efectuados al\npasar de 86 a 20 entre 2017 y 2018; en esos dos a\u00f1os, asimismo, baj\u00f3 el n\u00famero\nde personas detenidas en flagrancia al pasar de 421 a 327.<\/p>\n\n\n\n<p>En las\nactividades que se registraron incrementos fueron en el de cateos realizados\nque subi\u00f3 de 38 a 53, controles provisionales preventivos de 165 a 590 y en\npersonas localizadas donde se report\u00f3 un aumento de 388 a 440.<\/p>\n\n\n\n<p>La Fiscal\u00eda\nGeneral de Oaxaca report\u00f3 que aumentaron los legajos recibidos entre 2017 y\n2018, al pasar de 31 mil 904 a 32 mil 650; los legajos concluidos en los mismos\na\u00f1os subieron de 12 mil 500 a 16 mil 358.<\/p>\n","protected":false},"excerpt":{"rendered":"<p>Redacci\u00f3n\/Estado 20 Oaxaca de Ju\u00e1rez, Oax., 30 de mayo de 2020.- La Fiscal\u00eda General del&hellip;<\/p>\n","protected":false},"author":2,"featured_media":2449,"comment_status":"closed","ping_status":"open","sticky":false,"template":"","format":"standard","meta":{"_lmt_disableupdate":"","_lmt_disable":"","_jetpack_memberships_contains_paid_content":false,"footnotes":""},"categories":[109,47],"tags":[170],"class_list":["post-13101","post","type-post","status-publish","format-standard","has-post-thumbnail","hentry","category-minuto-a-minuto","category-zona-gris","tag-ruben-vasconcelos-mendez"],"jetpack_featured_media_url":"https:\/\/zonaroja.com.mx\/wp-content\/uploads\/2019\/07\/Fiscal-General-Rub\u00e9n-Vasconcelos-M\u00e9ndez-1.jpg","jetpack_sharing_enabled":true,"_links":{"self":[{"href":"https:\/\/zonaroja.com.mx\/index.php?rest_route=\/wp\/v2\/posts\/13101","targetHints":{"allow":["GET"]}}],"collection":[{"href":"https:\/\/zonaroja.com.mx\/index.php?rest_route=\/wp\/v2\/posts"}],"about":[{"href":"https:\/\/zonaroja.com.mx\/index.php?rest_route=\/wp\/v2\/types\/post"}],"author":[{"embeddable":true,"href":"https:\/\/zonaroja.com.mx\/index.php?rest_route=\/wp\/v2\/users\/2"}],"replies":[{"embeddable":true,"href":"https:\/\/zonaroja.com.mx\/index.php?rest_route=%2Fwp%2Fv2%2Fcomments&post=13101"}],"version-history":[{"count":1,"href":"https:\/\/zonaroja.com.mx\/index.php?rest_route=\/wp\/v2\/posts\/13101\/revisions"}],"predecessor-version":[{"id":13102,"href":"https:\/\/zonaroja.com.mx\/index.php?rest_route=\/wp\/v2\/posts\/13101\/revisions\/13102"}],"wp:featuredmedia":[{"embeddable":true,"href":"https:\/\/zonaroja.com.mx\/index.php?rest_route=\/wp\/v2\/media\/2449"}],"wp:attachment":[{"href":"https:\/\/zonaroja.com.mx\/index.php?rest_route=%2Fwp%2Fv2%2Fmedia&parent=13101"}],"wp:term":[{"taxonomy":"category","embeddable":true,"href":"https:\/\/zonaroja.com.mx\/index.php?rest_route=%2Fwp%2Fv2%2Fcategories&post=13101"},{"taxonomy":"post_tag","embeddable":true,"href":"https:\/\/zonaroja.com.mx\/index.php?rest_route=%2Fwp%2Fv2%2Ftags&post=13101"}],"curies":[{"name":"wp","href":"https:\/\/api.w.org\/{rel}","templated":true}]}}